{"id":22784,"date":"2014-03-03T17:55:29","date_gmt":"2014-03-03T20:55:29","guid":{"rendered":"http:\/\/aconteceunovale.com.br\/portal\/?p=22784"},"modified":"2014-03-04T13:23:09","modified_gmt":"2014-03-04T16:23:09","slug":"escolas-de-samba-agitam-a-noite-no-domingo-de-carnaval-em-guanhaes","status":"publish","type":"post","link":"https:\/\/aconteceunovale.com.br\/portal\/?p=22784","title":{"rendered":"Escolas de samba agitam a noite no domingo de Carnaval em Guanh\u00e3es"},"content":{"rendered":"<p><img decoding=\"async\" src=\"http:\/\/aconteceunovale.com.br\/portal\/wp-content\/uploads\/2014\/03\/carnaval_guanhaes_2014_desfiles_01.jpg\" alt=\"\" \/><br \/>\n<em><strong>Escola de samba \u2018Al\u00f4 Guanh\u00e3es\u2019 foi a primeira a entrar na avenida. (Foto: Patr\u00edcia Belo \/ G1)<\/strong><\/em><\/p>\n<p>A noite deste domingo (2) foi de folia no Centro de Guanh\u00e3es com os desfiles das escolas de samba \u2018Al\u00f4 Guanh\u00e3es\u2019 e \u2018Vai quem qu\u00e9 \u2019. As duas disputam o t\u00edtulo de campe\u00e3 do Carnaval de 2014.<\/p>\n<p>J\u00e1 a terceira escola \u2018\u00c1guia de Ouro\u2019, faz parte do grupo de acesso e n\u00e3o disputa o t\u00edtulo este ano. A \u00faltima participante entrar\u00e1 na avenida na noite desta segunda-feira (3), ap\u00f3s mais de 20 anos sem desfilar.<\/p>\n<p>&#8216;Al\u00f4 Guanh\u00e3es &#8216; abriu o desfile levando para a avenida o tema \u2018Lendas e Mitos, Contos e Encantos\u2019. A bateria foi o grande destaque e animou o p\u00fablico. A escola nasceu em 2010 como bloco e em 2011 se tornou escola de samba. Em 2014, trouxe para passarela do samba 12 alas que contaram as hist\u00f3rias da literatura infantil e tamb\u00e9m as lendas brasileiras.<\/p>\n<p>O presidente da escola Geraldo Almeida diz que a diretoria escolheu este samba enredo pensando em algo que poderia ser familiar a toda a popula\u00e7\u00e3o de Guanh\u00e3es.<\/p>\n<p>\u201cQuem nunca ouviu falar nas lendas de lobisomem, Iara, vampiros e mulher de branco? Fomos atr\u00e1s dos mitos que povoam o imagin\u00e1rio popular. Essa \u00e9 a ideia, fazer algo que as pessoas ir\u00e3o lembrar, criar uma letra que fique por um bom tempo na cabe\u00e7a de todos&#8221;, diz.<\/p>\n<p>Ainda segundo o presidente, ao todo, participam da escola de samba cerca de 300 integrantes, incluindo crian\u00e7as, jovens e adultos, al\u00e9m de quatro carros aleg\u00f3ricos, com diferentes temas.<\/p>\n<p><strong>Bicampeonato<\/strong><\/p>\n<p>Com o refr\u00e3o &#8216;Meu pavilh\u00e3o \u00e9 meu tesouro, hoje ele reluz \u00e9 ouro\u2019, a escola \u2018Vai quem qu\u00e9\u2019, entrou na passarela em busca do segundo t\u00edtulo consecutivo, e leva para a avenida os \u2018Mist\u00e9rios do mar\u2019. Com quatro carros aleg\u00f3ricos e um carro abre-alas, a escola fez uma oferenda para a rainha do mar; Iemanj\u00e1.<\/p>\n<p>No corredor da folia, a escola trouxe um espet\u00e1culo com marujos, piratas, pescadores de sonhos, surfistas, sereias e um carro com a estrela maior; o sol para encantar o p\u00fablico presente.<\/p>\n<p>A coordenadora de Ala, Bet\u00e2nia Miranda, disse que o preparo para carnaval come\u00e7a no meio do ano, e cerca de 250 participantes integram o grupo. \u201cN\u00e3o \u00e9 f\u00e1cil organizar um desfile desta propor\u00e7\u00e3o em uma cidade do interior. Quando eu vejo todos eles na avenida, dando esse show, vem em mim o sentimento de dever cumprindo. Estou muito feliz&#8221;, comenta emocionada.<\/p>\n<p>E os desfilem parecem prender aten\u00e7\u00e3o de muitos foli\u00f5es. Cada escola de samba tem o tempo m\u00e1ximo de 1h30 para passar pelo corredor da folia, e, durante todo este per\u00edodo, o p\u00fablico n\u00e3o tirou os olhos das atra\u00e7\u00f5es da avenida.<\/p>\n<p>O empres\u00e1rio Bruno Gon\u00e7alves saiu de Belo Horizonte para rever a fam\u00edlia e tamb\u00e9m para acompanhar os desfiles das escolas do grupo especial. Segundo o foli\u00e3o, ele n\u00e3o tem prefer\u00eancia por nenhuma das duas escolas que se apresentaram nesse domingo.<\/p>\n<p>\u201cGosto de admirar. Como as duas escolas s\u00e3o de Guanh\u00e3es, e tenho parentes e amigos em ambas, prefiro n\u00e3o arriscar um palpite de quem ser\u00e1 a vencedora. Fico com d\u00f3 dos jurados, que ter\u00e3o muito trabalho para escolher somente uma campe\u00e3\u2019, conta.<\/p>\n<p><strong>Foli\u00f5es<\/strong><\/p>\n<p>Mesmo quem n\u00e3o desfilou nos blocos e na escola aproveitou o carnaval. Muitos foli\u00f5es estavam fantasiados para aproveitar a festa que come\u00e7ou logo ap\u00f3s as apresenta\u00e7\u00f5es. O que se via na avenida eram fam\u00edlias inteiras.<\/p>\n<p>O advogado Luiz Henrique Gomes foi para avenida com a mulher, a empres\u00e1ria Luciana Aur\u00e9lia Gomes, o filho Pedro Augusto Gomes, de oito anos, e v\u00e1rios outros parentes. Para entrar no clima da folia, o primog\u00eanito do casal estava fantasiado de marujo e dan\u00e7ava pr\u00f3ximo aos pais, acompanhando todo o desfile. \u201cEstamos aproveitando. Este ano o Carnaval de Guanh\u00e3es est\u00e1 muito bacana\u201d, comentou Gomes.<\/p>\n<p>Juliana Oliveira tamb\u00e9m levou a fam\u00edlia para a folia. A dom\u00e9stica estava acompanhada do marido Silas Abreu, e do filho Felipe, de 6 anos, e do primo Arthur, de 5 anos. A fam\u00edlia toda estava vestida para comemorar o carnaval. \u201cA festa est\u00e1 muito bacana e com um clima familiar. Trouxemos as crian\u00e7as para se divertirem, pois estivemos na festa no s\u00e1bado e vimos que estava tudo tranquilo. O Carnaval est\u00e1 agrad\u00e1vel\u201d, disse.<\/p>\n<p><strong>Programa\u00e7\u00e3o<\/strong><\/p>\n<p>Na segunda-feira (3), a festa continua com o \u00faltimo dia dos desfiles das escolas de samba. Segundo a assessoria de comunica\u00e7\u00e3o da prefeitura, est\u00e1 previsto que a escola \u00c1guia de Ouro entre na avenida \u00e1s 22h30. No mesmo dia tamb\u00e9m ter\u00e1 apresenta\u00e7\u00e3o do Bloco F\u00eanix.<\/p>\n<p>A anima\u00e7\u00e3o da festa ser\u00e1 por conta dos integrantes da banda Farol da Barra, que deve subir ao palco as 1h30 da madrugada.<\/p>\n<p>Na ter\u00e7a-feira (4), \u00faltimo dia de folia na cidade, a festa ser\u00e1 encerrada com o resultado da escola campe\u00e3 e com o show da Banda Logan.<\/p>\n<p><img decoding=\"async\" src=\"http:\/\/aconteceunovale.com.br\/portal\/wp-content\/uploads\/2014\/03\/carnaval_guanhaes_2014_desfiles_02.jpg\" alt=\"\" \/><br \/>\n<em><strong>\u2018Vai quem qu\u00e9&#8217;; entrou na avenida para defender o bicampeonato. (Foto: Patr\u00edcia Belo\/G1)<\/strong><\/em><\/p>\n<p><em><strong>(Fonte: G1)<\/strong><\/em><\/p>\n","protected":false},"excerpt":{"rendered":"<p>Escola de samba \u2018Al\u00f4 Guanh\u00e3es\u2019 foi a primeira a entrar na avenida. (Foto: Patr\u00edcia Belo \/ G1) A noite deste domingo (2) foi de folia no Centro de Guanh\u00e3es com os desfiles das escolas de samba \u2018Al\u00f4 Guanh\u00e3es\u2019 e \u2018Vai quem qu\u00e9 \u2019. As duas disputam o t\u00edtulo de campe\u00e3 do Carnaval de 2014. J\u00e1 [&hellip;]<\/p>\n","protected":false},"author":1,"featured_media":22785,"comment_status":"open","ping_status":"closed","sticky":false,"template":"","format":"standard","meta":{"amp_status":"","footnotes":""},"categories":[121],"tags":[3649,5101,4666,1018,5100,155],"class_list":["post-22784","post","type-post","status-publish","format-standard","has-post-thumbnail","hentry","category-leste","tag-carnaval-2014","tag-carnaval-de-guanhaes","tag-carnaval-de-guanhaes-2014","tag-destaque","tag-escolas-de-samba-agitam-a-noite-no-domingo-de-carnaval-em-guanhaes","tag-guanhaes"],"yoast_head":"<!-- This site is optimized with the Yoast SEO plugin v28.3 - https:\/\/yoast.com\/product\/yoast-seo-wordpress\/ -->\n<title>Escolas de samba agitam a noite no domingo de Carnaval em Guanh\u00e3es - Aconteceu no Vale<\/title>\n<meta name=\"robots\" content=\"index, follow, max-snippet:-1, max-image-preview:large, max-video-preview:-1\" \/>\n<link rel=\"canonical\" href=\"https:\/\/aconteceunovale.com.br\/portal\/?p=22784\" \/>\n<meta property=\"og:locale\" content=\"pt_BR\" \/>\n<meta property=\"og:type\" content=\"article\" \/>\n<meta property=\"og:title\" content=\"Escolas de samba agitam a noite no domingo de Carnaval em Guanh\u00e3es - Aconteceu no Vale\" \/>\n<meta property=\"og:description\" content=\"Escola de samba \u2018Al\u00f4 Guanh\u00e3es\u2019 foi a primeira a entrar na avenida. (Foto: Patr\u00edcia Belo \/ G1) A noite deste domingo (2) foi de folia no Centro de Guanh\u00e3es com os desfiles das escolas de samba \u2018Al\u00f4 Guanh\u00e3es\u2019 e \u2018Vai quem qu\u00e9 \u2019. As duas disputam o t\u00edtulo de campe\u00e3 do Carnaval de 2014. J\u00e1 [&hellip;]\" \/>\n<meta property=\"og:url\" content=\"https:\/\/aconteceunovale.com.br\/portal\/?p=22784\" \/>\n<meta property=\"og:site_name\" content=\"Aconteceu no Vale\" \/>\n<meta property=\"article:publisher\" content=\"https:\/\/www.facebook.com\/aconteceunovale\/\" \/>\n<meta property=\"article:published_time\" content=\"2014-03-03T20:55:29+00:00\" \/>\n<meta property=\"article:modified_time\" content=\"2014-03-04T16:23:09+00:00\" \/>\n<meta property=\"og:image\" content=\"https:\/\/aconteceunovale.com.br\/portal\/wp-content\/uploads\/2014\/03\/carnaval_guanhaes_2014_desfiles_01.jpg\" \/>\n\t<meta property=\"og:image:width\" content=\"600\" \/>\n\t<meta property=\"og:image:height\" content=\"450\" \/>\n\t<meta property=\"og:image:type\" content=\"image\/jpeg\" \/>\n<meta name=\"author\" content=\"Aconteceu no Vale\" \/>\n<meta name=\"twitter:card\" content=\"summary_large_image\" \/>\n<meta name=\"twitter:creator\" content=\"@noticiadosvales\" \/>\n<meta name=\"twitter:site\" content=\"@noticiadosvales\" \/>\n<meta name=\"twitter:label1\" content=\"Escrito por\" \/>\n\t<meta name=\"twitter:data1\" content=\"Aconteceu no Vale\" \/>\n\t<meta name=\"twitter:label2\" content=\"Est. tempo de leitura\" \/>\n\t<meta name=\"twitter:data2\" content=\"4 minutos\" \/>\n<script type=\"application\/ld+json\" class=\"yoast-schema-graph\">{\"@context\":\"https:\\\/\\\/schema.org\",\"@graph\":[{\"@type\":\"Article\",\"@id\":\"https:\\\/\\\/aconteceunovale.com.br\\\/portal\\\/?p=22784#article\",\"isPartOf\":{\"@id\":\"https:\\\/\\\/aconteceunovale.com.br\\\/portal\\\/?p=22784\"},\"author\":{\"name\":\"Aconteceu no Vale\",\"@id\":\"https:\\\/\\\/aconteceunovale.com.br\\\/portal\\\/#\\\/schema\\\/person\\\/633529146f2c94272bef50ac2953d589\"},\"headline\":\"Escolas de samba agitam a noite no domingo de Carnaval em Guanh\u00e3es\",\"datePublished\":\"2014-03-03T20:55:29+00:00\",\"dateModified\":\"2014-03-04T16:23:09+00:00\",\"mainEntityOfPage\":{\"@id\":\"https:\\\/\\\/aconteceunovale.com.br\\\/portal\\\/?p=22784\"},\"wordCount\":887,\"commentCount\":0,\"image\":{\"@id\":\"https:\\\/\\\/aconteceunovale.com.br\\\/portal\\\/?p=22784#primaryimage\"},\"thumbnailUrl\":\"https:\\\/\\\/aconteceunovale.com.br\\\/portal\\\/wp-content\\\/uploads\\\/2014\\\/03\\\/carnaval_guanhaes_2014_desfiles_01.jpg\",\"keywords\":[\"Carnaval 2014\",\"Carnaval de Guanh\u00e3es\",\"Carnaval de Guanh\u00e3es 2014\",\"destaque\",\"Escolas de samba agitam a noite no domingo de Carnaval em Guanh\u00e3es\",\"Guanh\u00e3es\"],\"articleSection\":[\"Leste de Minas\"],\"inLanguage\":\"pt-BR\",\"potentialAction\":[{\"@type\":\"CommentAction\",\"name\":\"Comment\",\"target\":[\"https:\\\/\\\/aconteceunovale.com.br\\\/portal\\\/?p=22784#respond\"]}]},{\"@type\":\"WebPage\",\"@id\":\"https:\\\/\\\/aconteceunovale.com.br\\\/portal\\\/?p=22784\",\"url\":\"https:\\\/\\\/aconteceunovale.com.br\\\/portal\\\/?p=22784\",\"name\":\"Escolas de samba agitam a noite no domingo de Carnaval em Guanh\u00e3es - Aconteceu no Vale\",\"isPartOf\":{\"@id\":\"https:\\\/\\\/aconteceunovale.com.br\\\/portal\\\/#website\"},\"primaryImageOfPage\":{\"@id\":\"https:\\\/\\\/aconteceunovale.com.br\\\/portal\\\/?p=22784#primaryimage\"},\"image\":{\"@id\":\"https:\\\/\\\/aconteceunovale.com.br\\\/portal\\\/?p=22784#primaryimage\"},\"thumbnailUrl\":\"https:\\\/\\\/aconteceunovale.com.br\\\/portal\\\/wp-content\\\/uploads\\\/2014\\\/03\\\/carnaval_guanhaes_2014_desfiles_01.jpg\",\"datePublished\":\"2014-03-03T20:55:29+00:00\",\"dateModified\":\"2014-03-04T16:23:09+00:00\",\"author\":{\"@id\":\"https:\\\/\\\/aconteceunovale.com.br\\\/portal\\\/#\\\/schema\\\/person\\\/633529146f2c94272bef50ac2953d589\"},\"breadcrumb\":{\"@id\":\"https:\\\/\\\/aconteceunovale.com.br\\\/portal\\\/?p=22784#breadcrumb\"},\"inLanguage\":\"pt-BR\",\"potentialAction\":[{\"@type\":\"ReadAction\",\"target\":[\"https:\\\/\\\/aconteceunovale.com.br\\\/portal\\\/?p=22784\"]}]},{\"@type\":\"ImageObject\",\"inLanguage\":\"pt-BR\",\"@id\":\"https:\\\/\\\/aconteceunovale.com.br\\\/portal\\\/?p=22784#primaryimage\",\"url\":\"https:\\\/\\\/aconteceunovale.com.br\\\/portal\\\/wp-content\\\/uploads\\\/2014\\\/03\\\/carnaval_guanhaes_2014_desfiles_01.jpg\",\"contentUrl\":\"https:\\\/\\\/aconteceunovale.com.br\\\/portal\\\/wp-content\\\/uploads\\\/2014\\\/03\\\/carnaval_guanhaes_2014_desfiles_01.jpg\",\"width\":600,\"height\":450},{\"@type\":\"BreadcrumbList\",\"@id\":\"https:\\\/\\\/aconteceunovale.com.br\\\/portal\\\/?p=22784#breadcrumb\",\"itemListElement\":[{\"@type\":\"ListItem\",\"position\":1,\"name\":\"In\u00edcio\",\"item\":\"https:\\\/\\\/aconteceunovale.com.br\\\/portal\\\/\"},{\"@type\":\"ListItem\",\"position\":2,\"name\":\"Escolas de samba agitam a noite no domingo de Carnaval em Guanh\u00e3es\"}]},{\"@type\":\"WebSite\",\"@id\":\"https:\\\/\\\/aconteceunovale.com.br\\\/portal\\\/#website\",\"url\":\"https:\\\/\\\/aconteceunovale.com.br\\\/portal\\\/\",\"name\":\"Aconteceu no Vale\",\"description\":\"Portal de Not\u00edcias\",\"potentialAction\":[{\"@type\":\"SearchAction\",\"target\":{\"@type\":\"EntryPoint\",\"urlTemplate\":\"https:\\\/\\\/aconteceunovale.com.br\\\/portal\\\/?s={search_term_string}\"},\"query-input\":{\"@type\":\"PropertyValueSpecification\",\"valueRequired\":true,\"valueName\":\"search_term_string\"}}],\"inLanguage\":\"pt-BR\"},{\"@type\":\"Person\",\"@id\":\"https:\\\/\\\/aconteceunovale.com.br\\\/portal\\\/#\\\/schema\\\/person\\\/633529146f2c94272bef50ac2953d589\",\"name\":\"Aconteceu no Vale\",\"description\":\"Equipe de reportagem do Aconteceu no Vale, portal de not\u00edcias do Vale do Jequitinhonha, em Minas Gerais. Cobrimos as 51 cidades do Vale desde 2013. Sugest\u00f5es de pauta e pedidos de corre\u00e7\u00e3o: contato@aconteceunovale.com.br\",\"sameAs\":[\"http:\\\/\\\/www.aconteceunovale.com.br\"],\"url\":\"https:\\\/\\\/aconteceunovale.com.br\\\/portal\\\/?author=1\"}]}<\/script>\n<!-- \/ Yoast SEO plugin. -->","yoast_head_json":{"title":"Escolas de samba agitam a noite no domingo de Carnaval em Guanh\u00e3es - Aconteceu no Vale","robots":{"index":"index","follow":"follow","max-snippet":"max-snippet:-1","max-image-preview":"max-image-preview:large","max-video-preview":"max-video-preview:-1"},"canonical":"https:\/\/aconteceunovale.com.br\/portal\/?p=22784","og_locale":"pt_BR","og_type":"article","og_title":"Escolas de samba agitam a noite no domingo de Carnaval em Guanh\u00e3es - Aconteceu no Vale","og_description":"Escola de samba \u2018Al\u00f4 Guanh\u00e3es\u2019 foi a primeira a entrar na avenida. (Foto: Patr\u00edcia Belo \/ G1) A noite deste domingo (2) foi de folia no Centro de Guanh\u00e3es com os desfiles das escolas de samba \u2018Al\u00f4 Guanh\u00e3es\u2019 e \u2018Vai quem qu\u00e9 \u2019. As duas disputam o t\u00edtulo de campe\u00e3 do Carnaval de 2014. J\u00e1 [&hellip;]","og_url":"https:\/\/aconteceunovale.com.br\/portal\/?p=22784","og_site_name":"Aconteceu no Vale","article_publisher":"https:\/\/www.facebook.com\/aconteceunovale\/","article_published_time":"2014-03-03T20:55:29+00:00","article_modified_time":"2014-03-04T16:23:09+00:00","og_image":[{"width":600,"height":450,"url":"https:\/\/aconteceunovale.com.br\/portal\/wp-content\/uploads\/2014\/03\/carnaval_guanhaes_2014_desfiles_01.jpg","type":"image\/jpeg"}],"author":"Aconteceu no Vale","twitter_card":"summary_large_image","twitter_creator":"@noticiadosvales","twitter_site":"@noticiadosvales","twitter_misc":{"Escrito por":"Aconteceu no Vale","Est. tempo de leitura":"4 minutos"},"schema":{"@context":"https:\/\/schema.org","@graph":[{"@type":"Article","@id":"https:\/\/aconteceunovale.com.br\/portal\/?p=22784#article","isPartOf":{"@id":"https:\/\/aconteceunovale.com.br\/portal\/?p=22784"},"author":{"name":"Aconteceu no Vale","@id":"https:\/\/aconteceunovale.com.br\/portal\/#\/schema\/person\/633529146f2c94272bef50ac2953d589"},"headline":"Escolas de samba agitam a noite no domingo de Carnaval em Guanh\u00e3es","datePublished":"2014-03-03T20:55:29+00:00","dateModified":"2014-03-04T16:23:09+00:00","mainEntityOfPage":{"@id":"https:\/\/aconteceunovale.com.br\/portal\/?p=22784"},"wordCount":887,"commentCount":0,"image":{"@id":"https:\/\/aconteceunovale.com.br\/portal\/?p=22784#primaryimage"},"thumbnailUrl":"https:\/\/aconteceunovale.com.br\/portal\/wp-content\/uploads\/2014\/03\/carnaval_guanhaes_2014_desfiles_01.jpg","keywords":["Carnaval 2014","Carnaval de Guanh\u00e3es","Carnaval de Guanh\u00e3es 2014","destaque","Escolas de samba agitam a noite no domingo de Carnaval em Guanh\u00e3es","Guanh\u00e3es"],"articleSection":["Leste de Minas"],"inLanguage":"pt-BR","potentialAction":[{"@type":"CommentAction","name":"Comment","target":["https:\/\/aconteceunovale.com.br\/portal\/?p=22784#respond"]}]},{"@type":"WebPage","@id":"https:\/\/aconteceunovale.com.br\/portal\/?p=22784","url":"https:\/\/aconteceunovale.com.br\/portal\/?p=22784","name":"Escolas de samba agitam a noite no domingo de Carnaval em Guanh\u00e3es - Aconteceu no Vale","isPartOf":{"@id":"https:\/\/aconteceunovale.com.br\/portal\/#website"},"primaryImageOfPage":{"@id":"https:\/\/aconteceunovale.com.br\/portal\/?p=22784#primaryimage"},"image":{"@id":"https:\/\/aconteceunovale.com.br\/portal\/?p=22784#primaryimage"},"thumbnailUrl":"https:\/\/aconteceunovale.com.br\/portal\/wp-content\/uploads\/2014\/03\/carnaval_guanhaes_2014_desfiles_01.jpg","datePublished":"2014-03-03T20:55:29+00:00","dateModified":"2014-03-04T16:23:09+00:00","author":{"@id":"https:\/\/aconteceunovale.com.br\/portal\/#\/schema\/person\/633529146f2c94272bef50ac2953d589"},"breadcrumb":{"@id":"https:\/\/aconteceunovale.com.br\/portal\/?p=22784#breadcrumb"},"inLanguage":"pt-BR","potentialAction":[{"@type":"ReadAction","target":["https:\/\/aconteceunovale.com.br\/portal\/?p=22784"]}]},{"@type":"ImageObject","inLanguage":"pt-BR","@id":"https:\/\/aconteceunovale.com.br\/portal\/?p=22784#primaryimage","url":"https:\/\/aconteceunovale.com.br\/portal\/wp-content\/uploads\/2014\/03\/carnaval_guanhaes_2014_desfiles_01.jpg","contentUrl":"https:\/\/aconteceunovale.com.br\/portal\/wp-content\/uploads\/2014\/03\/carnaval_guanhaes_2014_desfiles_01.jpg","width":600,"height":450},{"@type":"BreadcrumbList","@id":"https:\/\/aconteceunovale.com.br\/portal\/?p=22784#breadcrumb","itemListElement":[{"@type":"ListItem","position":1,"name":"In\u00edcio","item":"https:\/\/aconteceunovale.com.br\/portal\/"},{"@type":"ListItem","position":2,"name":"Escolas de samba agitam a noite no domingo de Carnaval em Guanh\u00e3es"}]},{"@type":"WebSite","@id":"https:\/\/aconteceunovale.com.br\/portal\/#website","url":"https:\/\/aconteceunovale.com.br\/portal\/","name":"Aconteceu no Vale","description":"Portal de Not\u00edcias","potentialAction":[{"@type":"SearchAction","target":{"@type":"EntryPoint","urlTemplate":"https:\/\/aconteceunovale.com.br\/portal\/?s={search_term_string}"},"query-input":{"@type":"PropertyValueSpecification","valueRequired":true,"valueName":"search_term_string"}}],"inLanguage":"pt-BR"},{"@type":"Person","@id":"https:\/\/aconteceunovale.com.br\/portal\/#\/schema\/person\/633529146f2c94272bef50ac2953d589","name":"Aconteceu no Vale","description":"Equipe de reportagem do Aconteceu no Vale, portal de not\u00edcias do Vale do Jequitinhonha, em Minas Gerais. Cobrimos as 51 cidades do Vale desde 2013. Sugest\u00f5es de pauta e pedidos de corre\u00e7\u00e3o: contato@aconteceunovale.com.br","sameAs":["http:\/\/www.aconteceunovale.com.br"],"url":"https:\/\/aconteceunovale.com.br\/portal\/?author=1"}]}},"_links":{"self":[{"href":"https:\/\/aconteceunovale.com.br\/portal\/index.php?rest_route=\/wp\/v2\/posts\/22784","targetHints":{"allow":["GET"]}}],"collection":[{"href":"https:\/\/aconteceunovale.com.br\/portal\/index.php?rest_route=\/wp\/v2\/posts"}],"about":[{"href":"https:\/\/aconteceunovale.com.br\/portal\/index.php?rest_route=\/wp\/v2\/types\/post"}],"author":[{"embeddable":true,"href":"https:\/\/aconteceunovale.com.br\/portal\/index.php?rest_route=\/wp\/v2\/users\/1"}],"replies":[{"embeddable":true,"href":"https:\/\/aconteceunovale.com.br\/portal\/index.php?rest_route=%2Fwp%2Fv2%2Fcomments&post=22784"}],"version-history":[{"count":0,"href":"https:\/\/aconteceunovale.com.br\/portal\/index.php?rest_route=\/wp\/v2\/posts\/22784\/revisions"}],"wp:featuredmedia":[{"embeddable":true,"href":"https:\/\/aconteceunovale.com.br\/portal\/index.php?rest_route=\/wp\/v2\/media\/22785"}],"wp:attachment":[{"href":"https:\/\/aconteceunovale.com.br\/portal\/index.php?rest_route=%2Fwp%2Fv2%2Fmedia&parent=22784"}],"wp:term":[{"taxonomy":"category","embeddable":true,"href":"https:\/\/aconteceunovale.com.br\/portal\/index.php?rest_route=%2Fwp%2Fv2%2Fcategories&post=22784"},{"taxonomy":"post_tag","embeddable":true,"href":"https:\/\/aconteceunovale.com.br\/portal\/index.php?rest_route=%2Fwp%2Fv2%2Ftags&post=22784"}],"curies":[{"name":"wp","href":"https:\/\/api.w.org\/{rel}","templated":true}]}}