{"id":22780,"date":"2014-03-03T17:48:57","date_gmt":"2014-03-03T20:48:57","guid":{"rendered":"http:\/\/aconteceunovale.com.br\/portal\/?p=22780"},"modified":"2014-03-03T17:48:57","modified_gmt":"2014-03-03T20:48:57","slug":"crianca-de-seis-anos-coloca-fogo-em-colchao-e-incendio-destroi-casa","status":"publish","type":"post","link":"https:\/\/aconteceunovale.com.br\/portal\/?p=22780","title":{"rendered":"Crian\u00e7a de seis anos coloca fogo em colch\u00e3o e inc\u00eandio destr\u00f3i casa"},"content":{"rendered":"<p>Uma casa pegou fogo no fim da manh\u00e3 desta segunda-feira (3) no bairro Atalaia em Governador Valadares, no Leste de Minas Gerais. Segundo informa\u00e7\u00f5es do Corpo de Bombeiros, uma crian\u00e7a de seis anos colocou fogo em um colch\u00e3o.<\/p>\n<p>Ainda segundo informa\u00e7\u00f5es do Corpo de Bombeiros, a casa tem dois c\u00f4modos e ambos foram atingidos pelo fogo. Uma crian\u00e7a de seis anos e dois adolescentes estavam sozinhos no im\u00f3vel e foram resgatados por vizinhos. Ningu\u00e9m ficou ferido.<\/p>\n<p>A casa fica no andar de cima. Na parte de baixo moram os av\u00f3s da crian\u00e7a que estavam em casa. A m\u00e3e das crian\u00e7as estava trabalhando em uma casa vizinha. <\/p>\n<p>Os bombeiros conseguiram apagar o fogo, mas o im\u00f3vel ficou destru\u00eddo.<\/p>\n<p><img decoding=\"async\" src=\"http:\/\/aconteceunovale.com.br\/portal\/wp-content\/uploads\/2014\/03\/crianca_coloca_fogo_casa_gv_03_03.jpg\" alt=\"\" \/><br \/>\n<em>(Foto: Maria Freitas\/G1)<\/em><\/p>\n<p><strong>(G1)<\/strong><\/p>\n","protected":false},"excerpt":{"rendered":"<p>Uma casa pegou fogo no fim da manh\u00e3 desta segunda-feira (3) no bairro Atalaia em Governador Valadares, no Leste de Minas Gerais. Segundo informa\u00e7\u00f5es do Corpo de Bombeiros, uma crian\u00e7a de seis anos colocou fogo em um colch\u00e3o. Ainda segundo informa\u00e7\u00f5es do Corpo de Bombeiros, a casa tem dois c\u00f4modos e ambos foram atingidos pelo [&hellip;]<\/p>\n","protected":false},"author":1,"featured_media":22782,"comment_status":"open","ping_status":"closed","sticky":false,"template":"","format":"standard","meta":{"amp_status":"","footnotes":""},"categories":[121],"tags":[5099,247],"class_list":["post-22780","post","type-post","status-publish","format-standard","has-post-thumbnail","hentry","category-leste","tag-crianca-de-seis-anos-coloca-fogo-em-colchao-e-incendio-destroi-casa","tag-governador-valadares"],"yoast_head":"<!-- This site is optimized with the Yoast SEO plugin v28.3 - https:\/\/yoast.com\/product\/yoast-seo-wordpress\/ -->\n<title>Crian\u00e7a de seis anos coloca fogo em colch\u00e3o e inc\u00eandio destr\u00f3i casa - Aconteceu no Vale<\/title>\n<meta name=\"robots\" content=\"index, follow, max-snippet:-1, max-image-preview:large, max-video-preview:-1\" \/>\n<link rel=\"canonical\" href=\"https:\/\/aconteceunovale.com.br\/portal\/?p=22780\" \/>\n<meta property=\"og:locale\" content=\"pt_BR\" \/>\n<meta property=\"og:type\" content=\"article\" \/>\n<meta property=\"og:title\" content=\"Crian\u00e7a de seis anos coloca fogo em colch\u00e3o e inc\u00eandio destr\u00f3i casa - Aconteceu no Vale\" \/>\n<meta property=\"og:description\" content=\"Uma casa pegou fogo no fim da manh\u00e3 desta segunda-feira (3) no bairro Atalaia em Governador Valadares, no Leste de Minas Gerais. Segundo informa\u00e7\u00f5es do Corpo de Bombeiros, uma crian\u00e7a de seis anos colocou fogo em um colch\u00e3o. Ainda segundo informa\u00e7\u00f5es do Corpo de Bombeiros, a casa tem dois c\u00f4modos e ambos foram atingidos pelo [&hellip;]\" \/>\n<meta property=\"og:url\" content=\"https:\/\/aconteceunovale.com.br\/portal\/?p=22780\" \/>\n<meta property=\"og:site_name\" content=\"Aconteceu no Vale\" \/>\n<meta property=\"article:publisher\" content=\"https:\/\/www.facebook.com\/aconteceunovale\/\" \/>\n<meta property=\"article:published_time\" content=\"2014-03-03T20:48:57+00:00\" \/>\n<meta property=\"og:image\" content=\"https:\/\/aconteceunovale.com.br\/portal\/wp-content\/uploads\/2014\/03\/crianca_coloca_fogo_casa_gv_03_03.jpg\" \/>\n\t<meta property=\"og:image:width\" content=\"599\" \/>\n\t<meta property=\"og:image:height\" content=\"450\" \/>\n\t<meta property=\"og:image:type\" content=\"image\/jpeg\" \/>\n<meta name=\"author\" content=\"Aconteceu no Vale\" \/>\n<meta name=\"twitter:card\" content=\"summary_large_image\" \/>\n<meta name=\"twitter:creator\" content=\"@noticiadosvales\" \/>\n<meta name=\"twitter:site\" content=\"@noticiadosvales\" \/>\n<meta name=\"twitter:label1\" content=\"Escrito por\" \/>\n\t<meta name=\"twitter:data1\" content=\"Aconteceu no Vale\" \/>\n\t<meta name=\"twitter:label2\" content=\"Est. tempo de leitura\" \/>\n\t<meta name=\"twitter:data2\" content=\"1 minuto\" \/>\n<script type=\"application\/ld+json\" class=\"yoast-schema-graph\">{\"@context\":\"https:\\\/\\\/schema.org\",\"@graph\":[{\"@type\":\"Article\",\"@id\":\"https:\\\/\\\/aconteceunovale.com.br\\\/portal\\\/?p=22780#article\",\"isPartOf\":{\"@id\":\"https:\\\/\\\/aconteceunovale.com.br\\\/portal\\\/?p=22780\"},\"author\":{\"name\":\"Aconteceu no Vale\",\"@id\":\"https:\\\/\\\/aconteceunovale.com.br\\\/portal\\\/#\\\/schema\\\/person\\\/633529146f2c94272bef50ac2953d589\"},\"headline\":\"Crian\u00e7a de seis anos coloca fogo em colch\u00e3o e inc\u00eandio destr\u00f3i casa\",\"datePublished\":\"2014-03-03T20:48:57+00:00\",\"mainEntityOfPage\":{\"@id\":\"https:\\\/\\\/aconteceunovale.com.br\\\/portal\\\/?p=22780\"},\"wordCount\":151,\"commentCount\":0,\"image\":{\"@id\":\"https:\\\/\\\/aconteceunovale.com.br\\\/portal\\\/?p=22780#primaryimage\"},\"thumbnailUrl\":\"https:\\\/\\\/aconteceunovale.com.br\\\/portal\\\/wp-content\\\/uploads\\\/2014\\\/03\\\/crianca_coloca_fogo_casa_gv_03_03.jpg\",\"keywords\":[\"Crian\u00e7a de seis anos coloca fogo em colch\u00e3o e inc\u00eandio destr\u00f3i casa\",\"Governador Valadares\"],\"articleSection\":[\"Leste de Minas\"],\"inLanguage\":\"pt-BR\",\"potentialAction\":[{\"@type\":\"CommentAction\",\"name\":\"Comment\",\"target\":[\"https:\\\/\\\/aconteceunovale.com.br\\\/portal\\\/?p=22780#respond\"]}]},{\"@type\":\"WebPage\",\"@id\":\"https:\\\/\\\/aconteceunovale.com.br\\\/portal\\\/?p=22780\",\"url\":\"https:\\\/\\\/aconteceunovale.com.br\\\/portal\\\/?p=22780\",\"name\":\"Crian\u00e7a de seis anos coloca fogo em colch\u00e3o e inc\u00eandio destr\u00f3i casa - Aconteceu no Vale\",\"isPartOf\":{\"@id\":\"https:\\\/\\\/aconteceunovale.com.br\\\/portal\\\/#website\"},\"primaryImageOfPage\":{\"@id\":\"https:\\\/\\\/aconteceunovale.com.br\\\/portal\\\/?p=22780#primaryimage\"},\"image\":{\"@id\":\"https:\\\/\\\/aconteceunovale.com.br\\\/portal\\\/?p=22780#primaryimage\"},\"thumbnailUrl\":\"https:\\\/\\\/aconteceunovale.com.br\\\/portal\\\/wp-content\\\/uploads\\\/2014\\\/03\\\/crianca_coloca_fogo_casa_gv_03_03.jpg\",\"datePublished\":\"2014-03-03T20:48:57+00:00\",\"author\":{\"@id\":\"https:\\\/\\\/aconteceunovale.com.br\\\/portal\\\/#\\\/schema\\\/person\\\/633529146f2c94272bef50ac2953d589\"},\"breadcrumb\":{\"@id\":\"https:\\\/\\\/aconteceunovale.com.br\\\/portal\\\/?p=22780#breadcrumb\"},\"inLanguage\":\"pt-BR\",\"potentialAction\":[{\"@type\":\"ReadAction\",\"target\":[\"https:\\\/\\\/aconteceunovale.com.br\\\/portal\\\/?p=22780\"]}]},{\"@type\":\"ImageObject\",\"inLanguage\":\"pt-BR\",\"@id\":\"https:\\\/\\\/aconteceunovale.com.br\\\/portal\\\/?p=22780#primaryimage\",\"url\":\"https:\\\/\\\/aconteceunovale.com.br\\\/portal\\\/wp-content\\\/uploads\\\/2014\\\/03\\\/crianca_coloca_fogo_casa_gv_03_03.jpg\",\"contentUrl\":\"https:\\\/\\\/aconteceunovale.com.br\\\/portal\\\/wp-content\\\/uploads\\\/2014\\\/03\\\/crianca_coloca_fogo_casa_gv_03_03.jpg\",\"width\":599,\"height\":450},{\"@type\":\"BreadcrumbList\",\"@id\":\"https:\\\/\\\/aconteceunovale.com.br\\\/portal\\\/?p=22780#breadcrumb\",\"itemListElement\":[{\"@type\":\"ListItem\",\"position\":1,\"name\":\"In\u00edcio\",\"item\":\"https:\\\/\\\/aconteceunovale.com.br\\\/portal\\\/\"},{\"@type\":\"ListItem\",\"position\":2,\"name\":\"Crian\u00e7a de seis anos coloca fogo em colch\u00e3o e inc\u00eandio destr\u00f3i casa\"}]},{\"@type\":\"WebSite\",\"@id\":\"https:\\\/\\\/aconteceunovale.com.br\\\/portal\\\/#website\",\"url\":\"https:\\\/\\\/aconteceunovale.com.br\\\/portal\\\/\",\"name\":\"Aconteceu no Vale\",\"description\":\"Portal de Not\u00edcias\",\"potentialAction\":[{\"@type\":\"SearchAction\",\"target\":{\"@type\":\"EntryPoint\",\"urlTemplate\":\"https:\\\/\\\/aconteceunovale.com.br\\\/portal\\\/?s={search_term_string}\"},\"query-input\":{\"@type\":\"PropertyValueSpecification\",\"valueRequired\":true,\"valueName\":\"search_term_string\"}}],\"inLanguage\":\"pt-BR\"},{\"@type\":\"Person\",\"@id\":\"https:\\\/\\\/aconteceunovale.com.br\\\/portal\\\/#\\\/schema\\\/person\\\/633529146f2c94272bef50ac2953d589\",\"name\":\"Aconteceu no Vale\",\"description\":\"Equipe de reportagem do Aconteceu no Vale, portal de not\u00edcias do Vale do Jequitinhonha, em Minas Gerais. Cobrimos as 51 cidades do Vale desde 2013. Sugest\u00f5es de pauta e pedidos de corre\u00e7\u00e3o: contato@aconteceunovale.com.br\",\"sameAs\":[\"http:\\\/\\\/www.aconteceunovale.com.br\"],\"url\":\"https:\\\/\\\/aconteceunovale.com.br\\\/portal\\\/?author=1\"}]}<\/script>\n<!-- \/ Yoast SEO plugin. -->","yoast_head_json":{"title":"Crian\u00e7a de seis anos coloca fogo em colch\u00e3o e inc\u00eandio destr\u00f3i casa - Aconteceu no Vale","robots":{"index":"index","follow":"follow","max-snippet":"max-snippet:-1","max-image-preview":"max-image-preview:large","max-video-preview":"max-video-preview:-1"},"canonical":"https:\/\/aconteceunovale.com.br\/portal\/?p=22780","og_locale":"pt_BR","og_type":"article","og_title":"Crian\u00e7a de seis anos coloca fogo em colch\u00e3o e inc\u00eandio destr\u00f3i casa - Aconteceu no Vale","og_description":"Uma casa pegou fogo no fim da manh\u00e3 desta segunda-feira (3) no bairro Atalaia em Governador Valadares, no Leste de Minas Gerais. Segundo informa\u00e7\u00f5es do Corpo de Bombeiros, uma crian\u00e7a de seis anos colocou fogo em um colch\u00e3o. Ainda segundo informa\u00e7\u00f5es do Corpo de Bombeiros, a casa tem dois c\u00f4modos e ambos foram atingidos pelo [&hellip;]","og_url":"https:\/\/aconteceunovale.com.br\/portal\/?p=22780","og_site_name":"Aconteceu no Vale","article_publisher":"https:\/\/www.facebook.com\/aconteceunovale\/","article_published_time":"2014-03-03T20:48:57+00:00","og_image":[{"width":599,"height":450,"url":"https:\/\/aconteceunovale.com.br\/portal\/wp-content\/uploads\/2014\/03\/crianca_coloca_fogo_casa_gv_03_03.jpg","type":"image\/jpeg"}],"author":"Aconteceu no Vale","twitter_card":"summary_large_image","twitter_creator":"@noticiadosvales","twitter_site":"@noticiadosvales","twitter_misc":{"Escrito por":"Aconteceu no Vale","Est. tempo de leitura":"1 minuto"},"schema":{"@context":"https:\/\/schema.org","@graph":[{"@type":"Article","@id":"https:\/\/aconteceunovale.com.br\/portal\/?p=22780#article","isPartOf":{"@id":"https:\/\/aconteceunovale.com.br\/portal\/?p=22780"},"author":{"name":"Aconteceu no Vale","@id":"https:\/\/aconteceunovale.com.br\/portal\/#\/schema\/person\/633529146f2c94272bef50ac2953d589"},"headline":"Crian\u00e7a de seis anos coloca fogo em colch\u00e3o e inc\u00eandio destr\u00f3i casa","datePublished":"2014-03-03T20:48:57+00:00","mainEntityOfPage":{"@id":"https:\/\/aconteceunovale.com.br\/portal\/?p=22780"},"wordCount":151,"commentCount":0,"image":{"@id":"https:\/\/aconteceunovale.com.br\/portal\/?p=22780#primaryimage"},"thumbnailUrl":"https:\/\/aconteceunovale.com.br\/portal\/wp-content\/uploads\/2014\/03\/crianca_coloca_fogo_casa_gv_03_03.jpg","keywords":["Crian\u00e7a de seis anos coloca fogo em colch\u00e3o e inc\u00eandio destr\u00f3i casa","Governador Valadares"],"articleSection":["Leste de Minas"],"inLanguage":"pt-BR","potentialAction":[{"@type":"CommentAction","name":"Comment","target":["https:\/\/aconteceunovale.com.br\/portal\/?p=22780#respond"]}]},{"@type":"WebPage","@id":"https:\/\/aconteceunovale.com.br\/portal\/?p=22780","url":"https:\/\/aconteceunovale.com.br\/portal\/?p=22780","name":"Crian\u00e7a de seis anos coloca fogo em colch\u00e3o e inc\u00eandio destr\u00f3i casa - Aconteceu no Vale","isPartOf":{"@id":"https:\/\/aconteceunovale.com.br\/portal\/#website"},"primaryImageOfPage":{"@id":"https:\/\/aconteceunovale.com.br\/portal\/?p=22780#primaryimage"},"image":{"@id":"https:\/\/aconteceunovale.com.br\/portal\/?p=22780#primaryimage"},"thumbnailUrl":"https:\/\/aconteceunovale.com.br\/portal\/wp-content\/uploads\/2014\/03\/crianca_coloca_fogo_casa_gv_03_03.jpg","datePublished":"2014-03-03T20:48:57+00:00","author":{"@id":"https:\/\/aconteceunovale.com.br\/portal\/#\/schema\/person\/633529146f2c94272bef50ac2953d589"},"breadcrumb":{"@id":"https:\/\/aconteceunovale.com.br\/portal\/?p=22780#breadcrumb"},"inLanguage":"pt-BR","potentialAction":[{"@type":"ReadAction","target":["https:\/\/aconteceunovale.com.br\/portal\/?p=22780"]}]},{"@type":"ImageObject","inLanguage":"pt-BR","@id":"https:\/\/aconteceunovale.com.br\/portal\/?p=22780#primaryimage","url":"https:\/\/aconteceunovale.com.br\/portal\/wp-content\/uploads\/2014\/03\/crianca_coloca_fogo_casa_gv_03_03.jpg","contentUrl":"https:\/\/aconteceunovale.com.br\/portal\/wp-content\/uploads\/2014\/03\/crianca_coloca_fogo_casa_gv_03_03.jpg","width":599,"height":450},{"@type":"BreadcrumbList","@id":"https:\/\/aconteceunovale.com.br\/portal\/?p=22780#breadcrumb","itemListElement":[{"@type":"ListItem","position":1,"name":"In\u00edcio","item":"https:\/\/aconteceunovale.com.br\/portal\/"},{"@type":"ListItem","position":2,"name":"Crian\u00e7a de seis anos coloca fogo em colch\u00e3o e inc\u00eandio destr\u00f3i casa"}]},{"@type":"WebSite","@id":"https:\/\/aconteceunovale.com.br\/portal\/#website","url":"https:\/\/aconteceunovale.com.br\/portal\/","name":"Aconteceu no Vale","description":"Portal de Not\u00edcias","potentialAction":[{"@type":"SearchAction","target":{"@type":"EntryPoint","urlTemplate":"https:\/\/aconteceunovale.com.br\/portal\/?s={search_term_string}"},"query-input":{"@type":"PropertyValueSpecification","valueRequired":true,"valueName":"search_term_string"}}],"inLanguage":"pt-BR"},{"@type":"Person","@id":"https:\/\/aconteceunovale.com.br\/portal\/#\/schema\/person\/633529146f2c94272bef50ac2953d589","name":"Aconteceu no Vale","description":"Equipe de reportagem do Aconteceu no Vale, portal de not\u00edcias do Vale do Jequitinhonha, em Minas Gerais. Cobrimos as 51 cidades do Vale desde 2013. Sugest\u00f5es de pauta e pedidos de corre\u00e7\u00e3o: contato@aconteceunovale.com.br","sameAs":["http:\/\/www.aconteceunovale.com.br"],"url":"https:\/\/aconteceunovale.com.br\/portal\/?author=1"}]}},"_links":{"self":[{"href":"https:\/\/aconteceunovale.com.br\/portal\/index.php?rest_route=\/wp\/v2\/posts\/22780","targetHints":{"allow":["GET"]}}],"collection":[{"href":"https:\/\/aconteceunovale.com.br\/portal\/index.php?rest_route=\/wp\/v2\/posts"}],"about":[{"href":"https:\/\/aconteceunovale.com.br\/portal\/index.php?rest_route=\/wp\/v2\/types\/post"}],"author":[{"embeddable":true,"href":"https:\/\/aconteceunovale.com.br\/portal\/index.php?rest_route=\/wp\/v2\/users\/1"}],"replies":[{"embeddable":true,"href":"https:\/\/aconteceunovale.com.br\/portal\/index.php?rest_route=%2Fwp%2Fv2%2Fcomments&post=22780"}],"version-history":[{"count":0,"href":"https:\/\/aconteceunovale.com.br\/portal\/index.php?rest_route=\/wp\/v2\/posts\/22780\/revisions"}],"wp:featuredmedia":[{"embeddable":true,"href":"https:\/\/aconteceunovale.com.br\/portal\/index.php?rest_route=\/wp\/v2\/media\/22782"}],"wp:attachment":[{"href":"https:\/\/aconteceunovale.com.br\/portal\/index.php?rest_route=%2Fwp%2Fv2%2Fmedia&parent=22780"}],"wp:term":[{"taxonomy":"category","embeddable":true,"href":"https:\/\/aconteceunovale.com.br\/portal\/index.php?rest_route=%2Fwp%2Fv2%2Fcategories&post=22780"},{"taxonomy":"post_tag","embeddable":true,"href":"https:\/\/aconteceunovale.com.br\/portal\/index.php?rest_route=%2Fwp%2Fv2%2Ftags&post=22780"}],"curies":[{"name":"wp","href":"https:\/\/api.w.org\/{rel}","templated":true}]}}