{"id":22770,"date":"2014-03-03T10:27:02","date_gmt":"2014-03-03T13:27:02","guid":{"rendered":"http:\/\/aconteceunovale.com.br\/portal\/?p=22770"},"modified":"2014-03-03T10:44:45","modified_gmt":"2014-03-03T13:44:45","slug":"gratuidade-para-idosos-e-deficientes-em-viagens-intermunicipais-ja-comecou-a-valer","status":"publish","type":"post","link":"https:\/\/aconteceunovale.com.br\/portal\/?p=22770","title":{"rendered":"Gratuidade para idosos e deficientes em viagens intermunicipais j\u00e1 come\u00e7ou a valer"},"content":{"rendered":"<p>J\u00e1 come\u00e7ou a valer como lei em Minas Gerais o passe livre para idosos e para pessoas com defici\u00eancia que utilizem \u00f4nibus em viagens intermunicipais. A gratuidade em parte das vagas foi aprovada pelos deputados estaduais mineiros em dezembro do ano passado e foi sancionada em janeiro passado pelo governador Antonio Anastasia.<\/p>\n<p>O benef\u00edcio \u00e9 v\u00e1lido para o idoso que tenha mais de 65 anos e para pessoas com defici\u00eancia que tenham renda individual menor que dois sal\u00e1rios m\u00ednimos. A medida tem a limita\u00e7\u00e3o de valer a apenas dois assentos por viagem. Segundo o texto sancionado pelo governador, cada \u00f4nibus dever\u00e1 ter duas poltronas destinadas aos idosos e deficientes. A passagem deve ser solicitada com, no m\u00ednimo, 12 horas de anteced\u00eancia.<\/p>\n<p>No momento da reserva do bilhete e do embarque, o passageiro beneficiado pela nova lei deve apresentar documento de identidade com validade nacional e com foto. As empresas poder\u00e3o implantar um cadastro das pessoas para atender ao que determina a legisla\u00e7\u00e3o.<\/p>\n<p><strong>Gratuidade<\/strong><\/p>\n<p>Uma lei federal j\u00e1 determinava a gratuidade no transporte p\u00fablico urbano e interestadual. Em Belo Horizonte, idosos com mais de 65 anos e usu\u00e1rios com defici\u00eancia f\u00edsica, auditiva, visual e mental podem requerer um cart\u00e3o de gratuidade para garantir o uso do benef\u00edcio.<\/p>\n<p>No transporte rodovi\u00e1rio interestadual, a gratuidade \u00e9 valida para pessoas com mais de 60 anos de idade e que tenham renda inferior a dois sal\u00e1rios m\u00ednimos. As empresas devem reservar duas vagas.<\/p>\n<p><img decoding=\"async\" src=\"http:\/\/aconteceunovale.com.br\/portal\/wp-content\/uploads\/2014\/03\/viagem_gratis_idosos_e_deficientes.jpg\" alt=\"\" \/><br \/>\n<em>(Foto: Alisson Gontijo)<\/em><\/p>\n<p><em>(O Tempo)<\/em><\/p>\n","protected":false},"excerpt":{"rendered":"<p>J\u00e1 come\u00e7ou a valer como lei em Minas Gerais o passe livre para idosos e para pessoas com defici\u00eancia que utilizem \u00f4nibus em viagens intermunicipais. A gratuidade em parte das vagas foi aprovada pelos deputados estaduais mineiros em dezembro do ano passado e foi sancionada em janeiro passado pelo governador Antonio Anastasia. O benef\u00edcio \u00e9 [&hellip;]<\/p>\n","protected":false},"author":1,"featured_media":22771,"comment_status":"open","ping_status":"closed","sticky":false,"template":"","format":"standard","meta":{"amp_status":"","footnotes":""},"categories":[123],"tags":[1018,5091],"class_list":["post-22770","post","type-post","status-publish","format-standard","has-post-thumbnail","hentry","category-gerais","tag-destaque","tag-gratuidade-para-idosos-e-deficientes-em-viagens-intermunicipais-ja-comecou-a-valer"],"yoast_head":"<!-- This site is optimized with the Yoast SEO plugin v28.3 - https:\/\/yoast.com\/product\/yoast-seo-wordpress\/ -->\n<title>Gratuidade para idosos e deficientes em viagens intermunicipais j\u00e1 come\u00e7ou a valer - Aconteceu no Vale<\/title>\n<meta name=\"robots\" content=\"index, follow, max-snippet:-1, max-image-preview:large, max-video-preview:-1\" \/>\n<link rel=\"canonical\" href=\"https:\/\/aconteceunovale.com.br\/portal\/?p=22770\" \/>\n<meta property=\"og:locale\" content=\"pt_BR\" \/>\n<meta property=\"og:type\" content=\"article\" \/>\n<meta property=\"og:title\" content=\"Gratuidade para idosos e deficientes em viagens intermunicipais j\u00e1 come\u00e7ou a valer - Aconteceu no Vale\" \/>\n<meta property=\"og:description\" content=\"J\u00e1 come\u00e7ou a valer como lei em Minas Gerais o passe livre para idosos e para pessoas com defici\u00eancia que utilizem \u00f4nibus em viagens intermunicipais. A gratuidade em parte das vagas foi aprovada pelos deputados estaduais mineiros em dezembro do ano passado e foi sancionada em janeiro passado pelo governador Antonio Anastasia. O benef\u00edcio \u00e9 [&hellip;]\" \/>\n<meta property=\"og:url\" content=\"https:\/\/aconteceunovale.com.br\/portal\/?p=22770\" \/>\n<meta property=\"og:site_name\" content=\"Aconteceu no Vale\" \/>\n<meta property=\"article:publisher\" content=\"https:\/\/www.facebook.com\/aconteceunovale\/\" \/>\n<meta property=\"article:published_time\" content=\"2014-03-03T13:27:02+00:00\" \/>\n<meta property=\"article:modified_time\" content=\"2014-03-03T13:44:45+00:00\" \/>\n<meta property=\"og:image\" content=\"https:\/\/aconteceunovale.com.br\/portal\/wp-content\/uploads\/2014\/03\/viagem_gratis_idosos_e_deficientes.jpg\" \/>\n\t<meta property=\"og:image:width\" content=\"620\" \/>\n\t<meta property=\"og:image:height\" content=\"420\" \/>\n\t<meta property=\"og:image:type\" content=\"image\/jpeg\" \/>\n<meta name=\"author\" content=\"Aconteceu no Vale\" \/>\n<meta name=\"twitter:card\" content=\"summary_large_image\" \/>\n<meta name=\"twitter:creator\" content=\"@noticiadosvales\" \/>\n<meta name=\"twitter:site\" content=\"@noticiadosvales\" \/>\n<meta name=\"twitter:label1\" content=\"Escrito por\" \/>\n\t<meta name=\"twitter:data1\" content=\"Aconteceu no Vale\" \/>\n\t<meta name=\"twitter:label2\" content=\"Est. tempo de leitura\" \/>\n\t<meta name=\"twitter:data2\" content=\"1 minuto\" \/>\n<script type=\"application\/ld+json\" class=\"yoast-schema-graph\">{\"@context\":\"https:\\\/\\\/schema.org\",\"@graph\":[{\"@type\":\"Article\",\"@id\":\"https:\\\/\\\/aconteceunovale.com.br\\\/portal\\\/?p=22770#article\",\"isPartOf\":{\"@id\":\"https:\\\/\\\/aconteceunovale.com.br\\\/portal\\\/?p=22770\"},\"author\":{\"name\":\"Aconteceu no Vale\",\"@id\":\"https:\\\/\\\/aconteceunovale.com.br\\\/portal\\\/#\\\/schema\\\/person\\\/633529146f2c94272bef50ac2953d589\"},\"headline\":\"Gratuidade para idosos e deficientes em viagens intermunicipais j\u00e1 come\u00e7ou a valer\",\"datePublished\":\"2014-03-03T13:27:02+00:00\",\"dateModified\":\"2014-03-03T13:44:45+00:00\",\"mainEntityOfPage\":{\"@id\":\"https:\\\/\\\/aconteceunovale.com.br\\\/portal\\\/?p=22770\"},\"wordCount\":271,\"commentCount\":0,\"image\":{\"@id\":\"https:\\\/\\\/aconteceunovale.com.br\\\/portal\\\/?p=22770#primaryimage\"},\"thumbnailUrl\":\"https:\\\/\\\/aconteceunovale.com.br\\\/portal\\\/wp-content\\\/uploads\\\/2014\\\/03\\\/viagem_gratis_idosos_e_deficientes.jpg\",\"keywords\":[\"destaque\",\"Gratuidade para idosos e deficientes em viagens intermunicipais j\u00e1 come\u00e7ou a valer\"],\"articleSection\":[\"Minas Gerais\"],\"inLanguage\":\"pt-BR\",\"potentialAction\":[{\"@type\":\"CommentAction\",\"name\":\"Comment\",\"target\":[\"https:\\\/\\\/aconteceunovale.com.br\\\/portal\\\/?p=22770#respond\"]}]},{\"@type\":\"WebPage\",\"@id\":\"https:\\\/\\\/aconteceunovale.com.br\\\/portal\\\/?p=22770\",\"url\":\"https:\\\/\\\/aconteceunovale.com.br\\\/portal\\\/?p=22770\",\"name\":\"Gratuidade para idosos e deficientes em viagens intermunicipais j\u00e1 come\u00e7ou a valer - Aconteceu no Vale\",\"isPartOf\":{\"@id\":\"https:\\\/\\\/aconteceunovale.com.br\\\/portal\\\/#website\"},\"primaryImageOfPage\":{\"@id\":\"https:\\\/\\\/aconteceunovale.com.br\\\/portal\\\/?p=22770#primaryimage\"},\"image\":{\"@id\":\"https:\\\/\\\/aconteceunovale.com.br\\\/portal\\\/?p=22770#primaryimage\"},\"thumbnailUrl\":\"https:\\\/\\\/aconteceunovale.com.br\\\/portal\\\/wp-content\\\/uploads\\\/2014\\\/03\\\/viagem_gratis_idosos_e_deficientes.jpg\",\"datePublished\":\"2014-03-03T13:27:02+00:00\",\"dateModified\":\"2014-03-03T13:44:45+00:00\",\"author\":{\"@id\":\"https:\\\/\\\/aconteceunovale.com.br\\\/portal\\\/#\\\/schema\\\/person\\\/633529146f2c94272bef50ac2953d589\"},\"breadcrumb\":{\"@id\":\"https:\\\/\\\/aconteceunovale.com.br\\\/portal\\\/?p=22770#breadcrumb\"},\"inLanguage\":\"pt-BR\",\"potentialAction\":[{\"@type\":\"ReadAction\",\"target\":[\"https:\\\/\\\/aconteceunovale.com.br\\\/portal\\\/?p=22770\"]}]},{\"@type\":\"ImageObject\",\"inLanguage\":\"pt-BR\",\"@id\":\"https:\\\/\\\/aconteceunovale.com.br\\\/portal\\\/?p=22770#primaryimage\",\"url\":\"https:\\\/\\\/aconteceunovale.com.br\\\/portal\\\/wp-content\\\/uploads\\\/2014\\\/03\\\/viagem_gratis_idosos_e_deficientes.jpg\",\"contentUrl\":\"https:\\\/\\\/aconteceunovale.com.br\\\/portal\\\/wp-content\\\/uploads\\\/2014\\\/03\\\/viagem_gratis_idosos_e_deficientes.jpg\",\"width\":620,\"height\":420},{\"@type\":\"BreadcrumbList\",\"@id\":\"https:\\\/\\\/aconteceunovale.com.br\\\/portal\\\/?p=22770#breadcrumb\",\"itemListElement\":[{\"@type\":\"ListItem\",\"position\":1,\"name\":\"In\u00edcio\",\"item\":\"https:\\\/\\\/aconteceunovale.com.br\\\/portal\\\/\"},{\"@type\":\"ListItem\",\"position\":2,\"name\":\"Gratuidade para idosos e deficientes em viagens intermunicipais j\u00e1 come\u00e7ou a valer\"}]},{\"@type\":\"WebSite\",\"@id\":\"https:\\\/\\\/aconteceunovale.com.br\\\/portal\\\/#website\",\"url\":\"https:\\\/\\\/aconteceunovale.com.br\\\/portal\\\/\",\"name\":\"Aconteceu no Vale\",\"description\":\"Portal de Not\u00edcias\",\"potentialAction\":[{\"@type\":\"SearchAction\",\"target\":{\"@type\":\"EntryPoint\",\"urlTemplate\":\"https:\\\/\\\/aconteceunovale.com.br\\\/portal\\\/?s={search_term_string}\"},\"query-input\":{\"@type\":\"PropertyValueSpecification\",\"valueRequired\":true,\"valueName\":\"search_term_string\"}}],\"inLanguage\":\"pt-BR\"},{\"@type\":\"Person\",\"@id\":\"https:\\\/\\\/aconteceunovale.com.br\\\/portal\\\/#\\\/schema\\\/person\\\/633529146f2c94272bef50ac2953d589\",\"name\":\"Aconteceu no Vale\",\"description\":\"Equipe de reportagem do Aconteceu no Vale, portal de not\u00edcias do Vale do Jequitinhonha, em Minas Gerais. Cobrimos as 51 cidades do Vale desde 2013. Sugest\u00f5es de pauta e pedidos de corre\u00e7\u00e3o: contato@aconteceunovale.com.br\",\"sameAs\":[\"http:\\\/\\\/www.aconteceunovale.com.br\"],\"url\":\"https:\\\/\\\/aconteceunovale.com.br\\\/portal\\\/?author=1\"}]}<\/script>\n<!-- \/ Yoast SEO plugin. -->","yoast_head_json":{"title":"Gratuidade para idosos e deficientes em viagens intermunicipais j\u00e1 come\u00e7ou a valer - Aconteceu no Vale","robots":{"index":"index","follow":"follow","max-snippet":"max-snippet:-1","max-image-preview":"max-image-preview:large","max-video-preview":"max-video-preview:-1"},"canonical":"https:\/\/aconteceunovale.com.br\/portal\/?p=22770","og_locale":"pt_BR","og_type":"article","og_title":"Gratuidade para idosos e deficientes em viagens intermunicipais j\u00e1 come\u00e7ou a valer - Aconteceu no Vale","og_description":"J\u00e1 come\u00e7ou a valer como lei em Minas Gerais o passe livre para idosos e para pessoas com defici\u00eancia que utilizem \u00f4nibus em viagens intermunicipais. A gratuidade em parte das vagas foi aprovada pelos deputados estaduais mineiros em dezembro do ano passado e foi sancionada em janeiro passado pelo governador Antonio Anastasia. O benef\u00edcio \u00e9 [&hellip;]","og_url":"https:\/\/aconteceunovale.com.br\/portal\/?p=22770","og_site_name":"Aconteceu no Vale","article_publisher":"https:\/\/www.facebook.com\/aconteceunovale\/","article_published_time":"2014-03-03T13:27:02+00:00","article_modified_time":"2014-03-03T13:44:45+00:00","og_image":[{"width":620,"height":420,"url":"https:\/\/aconteceunovale.com.br\/portal\/wp-content\/uploads\/2014\/03\/viagem_gratis_idosos_e_deficientes.jpg","type":"image\/jpeg"}],"author":"Aconteceu no Vale","twitter_card":"summary_large_image","twitter_creator":"@noticiadosvales","twitter_site":"@noticiadosvales","twitter_misc":{"Escrito por":"Aconteceu no Vale","Est. tempo de leitura":"1 minuto"},"schema":{"@context":"https:\/\/schema.org","@graph":[{"@type":"Article","@id":"https:\/\/aconteceunovale.com.br\/portal\/?p=22770#article","isPartOf":{"@id":"https:\/\/aconteceunovale.com.br\/portal\/?p=22770"},"author":{"name":"Aconteceu no Vale","@id":"https:\/\/aconteceunovale.com.br\/portal\/#\/schema\/person\/633529146f2c94272bef50ac2953d589"},"headline":"Gratuidade para idosos e deficientes em viagens intermunicipais j\u00e1 come\u00e7ou a valer","datePublished":"2014-03-03T13:27:02+00:00","dateModified":"2014-03-03T13:44:45+00:00","mainEntityOfPage":{"@id":"https:\/\/aconteceunovale.com.br\/portal\/?p=22770"},"wordCount":271,"commentCount":0,"image":{"@id":"https:\/\/aconteceunovale.com.br\/portal\/?p=22770#primaryimage"},"thumbnailUrl":"https:\/\/aconteceunovale.com.br\/portal\/wp-content\/uploads\/2014\/03\/viagem_gratis_idosos_e_deficientes.jpg","keywords":["destaque","Gratuidade para idosos e deficientes em viagens intermunicipais j\u00e1 come\u00e7ou a valer"],"articleSection":["Minas Gerais"],"inLanguage":"pt-BR","potentialAction":[{"@type":"CommentAction","name":"Comment","target":["https:\/\/aconteceunovale.com.br\/portal\/?p=22770#respond"]}]},{"@type":"WebPage","@id":"https:\/\/aconteceunovale.com.br\/portal\/?p=22770","url":"https:\/\/aconteceunovale.com.br\/portal\/?p=22770","name":"Gratuidade para idosos e deficientes em viagens intermunicipais j\u00e1 come\u00e7ou a valer - Aconteceu no Vale","isPartOf":{"@id":"https:\/\/aconteceunovale.com.br\/portal\/#website"},"primaryImageOfPage":{"@id":"https:\/\/aconteceunovale.com.br\/portal\/?p=22770#primaryimage"},"image":{"@id":"https:\/\/aconteceunovale.com.br\/portal\/?p=22770#primaryimage"},"thumbnailUrl":"https:\/\/aconteceunovale.com.br\/portal\/wp-content\/uploads\/2014\/03\/viagem_gratis_idosos_e_deficientes.jpg","datePublished":"2014-03-03T13:27:02+00:00","dateModified":"2014-03-03T13:44:45+00:00","author":{"@id":"https:\/\/aconteceunovale.com.br\/portal\/#\/schema\/person\/633529146f2c94272bef50ac2953d589"},"breadcrumb":{"@id":"https:\/\/aconteceunovale.com.br\/portal\/?p=22770#breadcrumb"},"inLanguage":"pt-BR","potentialAction":[{"@type":"ReadAction","target":["https:\/\/aconteceunovale.com.br\/portal\/?p=22770"]}]},{"@type":"ImageObject","inLanguage":"pt-BR","@id":"https:\/\/aconteceunovale.com.br\/portal\/?p=22770#primaryimage","url":"https:\/\/aconteceunovale.com.br\/portal\/wp-content\/uploads\/2014\/03\/viagem_gratis_idosos_e_deficientes.jpg","contentUrl":"https:\/\/aconteceunovale.com.br\/portal\/wp-content\/uploads\/2014\/03\/viagem_gratis_idosos_e_deficientes.jpg","width":620,"height":420},{"@type":"BreadcrumbList","@id":"https:\/\/aconteceunovale.com.br\/portal\/?p=22770#breadcrumb","itemListElement":[{"@type":"ListItem","position":1,"name":"In\u00edcio","item":"https:\/\/aconteceunovale.com.br\/portal\/"},{"@type":"ListItem","position":2,"name":"Gratuidade para idosos e deficientes em viagens intermunicipais j\u00e1 come\u00e7ou a valer"}]},{"@type":"WebSite","@id":"https:\/\/aconteceunovale.com.br\/portal\/#website","url":"https:\/\/aconteceunovale.com.br\/portal\/","name":"Aconteceu no Vale","description":"Portal de Not\u00edcias","potentialAction":[{"@type":"SearchAction","target":{"@type":"EntryPoint","urlTemplate":"https:\/\/aconteceunovale.com.br\/portal\/?s={search_term_string}"},"query-input":{"@type":"PropertyValueSpecification","valueRequired":true,"valueName":"search_term_string"}}],"inLanguage":"pt-BR"},{"@type":"Person","@id":"https:\/\/aconteceunovale.com.br\/portal\/#\/schema\/person\/633529146f2c94272bef50ac2953d589","name":"Aconteceu no Vale","description":"Equipe de reportagem do Aconteceu no Vale, portal de not\u00edcias do Vale do Jequitinhonha, em Minas Gerais. Cobrimos as 51 cidades do Vale desde 2013. Sugest\u00f5es de pauta e pedidos de corre\u00e7\u00e3o: contato@aconteceunovale.com.br","sameAs":["http:\/\/www.aconteceunovale.com.br"],"url":"https:\/\/aconteceunovale.com.br\/portal\/?author=1"}]}},"_links":{"self":[{"href":"https:\/\/aconteceunovale.com.br\/portal\/index.php?rest_route=\/wp\/v2\/posts\/22770","targetHints":{"allow":["GET"]}}],"collection":[{"href":"https:\/\/aconteceunovale.com.br\/portal\/index.php?rest_route=\/wp\/v2\/posts"}],"about":[{"href":"https:\/\/aconteceunovale.com.br\/portal\/index.php?rest_route=\/wp\/v2\/types\/post"}],"author":[{"embeddable":true,"href":"https:\/\/aconteceunovale.com.br\/portal\/index.php?rest_route=\/wp\/v2\/users\/1"}],"replies":[{"embeddable":true,"href":"https:\/\/aconteceunovale.com.br\/portal\/index.php?rest_route=%2Fwp%2Fv2%2Fcomments&post=22770"}],"version-history":[{"count":0,"href":"https:\/\/aconteceunovale.com.br\/portal\/index.php?rest_route=\/wp\/v2\/posts\/22770\/revisions"}],"wp:featuredmedia":[{"embeddable":true,"href":"https:\/\/aconteceunovale.com.br\/portal\/index.php?rest_route=\/wp\/v2\/media\/22771"}],"wp:attachment":[{"href":"https:\/\/aconteceunovale.com.br\/portal\/index.php?rest_route=%2Fwp%2Fv2%2Fmedia&parent=22770"}],"wp:term":[{"taxonomy":"category","embeddable":true,"href":"https:\/\/aconteceunovale.com.br\/portal\/index.php?rest_route=%2Fwp%2Fv2%2Fcategories&post=22770"},{"taxonomy":"post_tag","embeddable":true,"href":"https:\/\/aconteceunovale.com.br\/portal\/index.php?rest_route=%2Fwp%2Fv2%2Ftags&post=22770"}],"curies":[{"name":"wp","href":"https:\/\/api.w.org\/{rel}","templated":true}]}}