{"id":22759,"date":"2014-03-03T09:53:04","date_gmt":"2014-03-03T12:53:04","guid":{"rendered":"http:\/\/aconteceunovale.com.br\/portal\/?p=22759"},"modified":"2014-03-03T09:53:04","modified_gmt":"2014-03-03T12:53:04","slug":"morador-de-rua-e-morto-a-facadas-em-praca-no-centro-de-itaobim","status":"publish","type":"post","link":"https:\/\/aconteceunovale.com.br\/portal\/?p=22759","title":{"rendered":"Morador de rua \u00e9 morto a facadas em pra\u00e7a no Centro de Itaobim"},"content":{"rendered":"<p>Um morador de rua foi morto a facadas na madrugada desse domingo (2) em Itaobim, no Vale do Jequitinhonha. Segundo informa\u00e7\u00f5es da Pol\u00edcia Militar, a v\u00edtima estava lanchando na Pra\u00e7a Central da cidade quando foi surpreendida por dois homens.<\/p>\n<p>Ainda segundo informa\u00e7\u00f5es da PM, eles come\u00e7aram a brigar com a v\u00edtima, quando um deles acertou sete golpes de faca no andarilho, que morreu na hora.<\/p>\n<p>De acordo com a pol\u00edcia, as primeiras informa\u00e7\u00f5es s\u00e3o de que os suspeitos tamb\u00e9m s\u00e3o moradores de rua. At\u00e9 o momento, ningu\u00e9m foi preso.<\/p>\n<p><img decoding=\"async\" src=\"http:\/\/aconteceunovale.com.br\/portal\/wp-content\/uploads\/2013\/12\/faca_crime.jpg\" alt=\"\" \/><\/p>\n","protected":false},"excerpt":{"rendered":"<p>Um morador de rua foi morto a facadas na madrugada desse domingo (2) em Itaobim, no Vale do Jequitinhonha. Segundo informa\u00e7\u00f5es da Pol\u00edcia Militar, a v\u00edtima estava lanchando na Pra\u00e7a Central da cidade quando foi surpreendida por dois homens. Ainda segundo informa\u00e7\u00f5es da PM, eles come\u00e7aram a brigar com a v\u00edtima, quando um deles acertou [&hellip;]<\/p>\n","protected":false},"author":1,"featured_media":16294,"comment_status":"open","ping_status":"closed","sticky":false,"template":"","format":"standard","meta":{"amp_status":"","footnotes":""},"categories":[120],"tags":[391,5084],"class_list":["post-22759","post","type-post","status-publish","format-standard","has-post-thumbnail","hentry","category-jequi","tag-itaobim","tag-morador-de-rua-e-morto-a-facadas-em-praca-no-centro-de-itaobim"],"_links":{"self":[{"href":"https:\/\/aconteceunovale.com.br\/portal\/index.php?rest_route=\/wp\/v2\/posts\/22759","targetHints":{"allow":["GET"]}}],"collection":[{"href":"https:\/\/aconteceunovale.com.br\/portal\/index.php?rest_route=\/wp\/v2\/posts"}],"about":[{"href":"https:\/\/aconteceunovale.com.br\/portal\/index.php?rest_route=\/wp\/v2\/types\/post"}],"author":[{"embeddable":true,"href":"https:\/\/aconteceunovale.com.br\/portal\/index.php?rest_route=\/wp\/v2\/users\/1"}],"replies":[{"embeddable":true,"href":"https:\/\/aconteceunovale.com.br\/portal\/index.php?rest_route=%2Fwp%2Fv2%2Fcomments&post=22759"}],"version-history":[{"count":0,"href":"https:\/\/aconteceunovale.com.br\/portal\/index.php?rest_route=\/wp\/v2\/posts\/22759\/revisions"}],"wp:featuredmedia":[{"embeddable":true,"href":"https:\/\/aconteceunovale.com.br\/portal\/index.php?rest_route=\/wp\/v2\/media\/16294"}],"wp:attachment":[{"href":"https:\/\/aconteceunovale.com.br\/portal\/index.php?rest_route=%2Fwp%2Fv2%2Fmedia&parent=22759"}],"wp:term":[{"taxonomy":"category","embeddable":true,"href":"https:\/\/aconteceunovale.com.br\/portal\/index.php?rest_route=%2Fwp%2Fv2%2Fcategories&post=22759"},{"taxonomy":"post_tag","embeddable":true,"href":"https:\/\/aconteceunovale.com.br\/portal\/index.php?rest_route=%2Fwp%2Fv2%2Ftags&post=22759"}],"curies":[{"name":"wp","href":"https:\/\/api.w.org\/{rel}","templated":true}]}}