{"id":22744,"date":"2014-03-02T16:56:13","date_gmt":"2014-03-02T19:56:13","guid":{"rendered":"http:\/\/aconteceunovale.com.br\/portal\/?p=22744"},"modified":"2014-03-02T16:56:13","modified_gmt":"2014-03-02T19:56:13","slug":"escola-edite-gomes-de-turmalina-promove-passeata-contra-as-drogas","status":"publish","type":"post","link":"https:\/\/aconteceunovale.com.br\/portal\/?p=22744","title":{"rendered":"Escola Edite Gomes de Turmalina promove passeata contra as drogas"},"content":{"rendered":"<p>Na \u00faltima sexta feira, dia 28 de fevereiro, alunos da Escola Estadual Professora Edite Gomes juntamente com toda equipe escolar realizaram uma &#8220;Passeata contra as drogas&#8221;.  A mobiliza\u00e7\u00e3o que iniciou em frente \u00e0 escola passou pelas ruas do Bairro Manga da Roda e Centro. <\/p>\n<p>Acompanhados de representantes da Assist\u00eancia Social Municipal, Pol\u00edcia Militar e Pol\u00edcia Civil, os alunos fixaram banners em v\u00e1rios pontos da cidade com o prop\u00f3sito de alertar os adolescentes em rela\u00e7\u00e3o \u00e0s consequ\u00eancias do uso de drogas.<\/p>\n<p><em><strong>&#8220;Diga sim \u00e0 vida, diga n\u00e3o \u00e0s drogas!&#8221;<\/strong><\/em><\/p>\n<p><img decoding=\"async\" src=\"http:\/\/aconteceunovale.com.br\/portal\/wp-content\/uploads\/2014\/03\/passeata_contra_as_drogas_edite_gomes_1.jpg\" alt=\"\" \/><\/p>\n<p><img decoding=\"async\" src=\"http:\/\/aconteceunovale.com.br\/portal\/wp-content\/uploads\/2014\/03\/passeata_contra_as_drogas_edite_gomes_2.jpg\" alt=\"\" \/><\/p>\n<p><img decoding=\"async\" src=\"http:\/\/aconteceunovale.com.br\/portal\/wp-content\/uploads\/2014\/03\/passeata_contra_as_drogas_edite_gomes_3.jpg\" alt=\"\" \/><\/p>\n","protected":false},"excerpt":{"rendered":"<p>Na \u00faltima sexta feira, dia 28 de fevereiro, alunos da Escola Estadual Professora Edite Gomes juntamente com toda equipe escolar realizaram uma &#8220;Passeata contra as drogas&#8221;. A mobiliza\u00e7\u00e3o que iniciou em frente \u00e0 escola passou pelas ruas do Bairro Manga da Roda e Centro. Acompanhados de representantes da Assist\u00eancia Social Municipal, Pol\u00edcia Militar e Pol\u00edcia [&hellip;]<\/p>\n","protected":false},"author":1,"featured_media":22745,"comment_status":"open","ping_status":"closed","sticky":false,"template":"","format":"standard","meta":{"amp_status":"","footnotes":""},"categories":[120],"tags":[5073,178],"class_list":["post-22744","post","type-post","status-publish","format-standard","has-post-thumbnail","hentry","category-jequi","tag-escola-edite-gomes-de-turmalina-promove-passeata-contra-as-drogas","tag-turmalina"],"_links":{"self":[{"href":"https:\/\/aconteceunovale.com.br\/portal\/index.php?rest_route=\/wp\/v2\/posts\/22744","targetHints":{"allow":["GET"]}}],"collection":[{"href":"https:\/\/aconteceunovale.com.br\/portal\/index.php?rest_route=\/wp\/v2\/posts"}],"about":[{"href":"https:\/\/aconteceunovale.com.br\/portal\/index.php?rest_route=\/wp\/v2\/types\/post"}],"author":[{"embeddable":true,"href":"https:\/\/aconteceunovale.com.br\/portal\/index.php?rest_route=\/wp\/v2\/users\/1"}],"replies":[{"embeddable":true,"href":"https:\/\/aconteceunovale.com.br\/portal\/index.php?rest_route=%2Fwp%2Fv2%2Fcomments&post=22744"}],"version-history":[{"count":0,"href":"https:\/\/aconteceunovale.com.br\/portal\/index.php?rest_route=\/wp\/v2\/posts\/22744\/revisions"}],"wp:featuredmedia":[{"embeddable":true,"href":"https:\/\/aconteceunovale.com.br\/portal\/index.php?rest_route=\/wp\/v2\/media\/22745"}],"wp:attachment":[{"href":"https:\/\/aconteceunovale.com.br\/portal\/index.php?rest_route=%2Fwp%2Fv2%2Fmedia&parent=22744"}],"wp:term":[{"taxonomy":"category","embeddable":true,"href":"https:\/\/aconteceunovale.com.br\/portal\/index.php?rest_route=%2Fwp%2Fv2%2Fcategories&post=22744"},{"taxonomy":"post_tag","embeddable":true,"href":"https:\/\/aconteceunovale.com.br\/portal\/index.php?rest_route=%2Fwp%2Fv2%2Ftags&post=22744"}],"curies":[{"name":"wp","href":"https:\/\/api.w.org\/{rel}","templated":true}]}}