{"id":22734,"date":"2014-03-02T12:34:14","date_gmt":"2014-03-02T15:34:14","guid":{"rendered":"http:\/\/aconteceunovale.com.br\/portal\/?p=22734"},"modified":"2014-03-02T12:39:20","modified_gmt":"2014-03-02T15:39:20","slug":"quatro-pessoas-morrem-em-acidente-envolvendo-carro-de-ipatinga","status":"publish","type":"post","link":"https:\/\/aconteceunovale.com.br\/portal\/?p=22734","title":{"rendered":"Quatro pessoas morrem em acidente envolvendo carro de Ipatinga na BR-262"},"content":{"rendered":"<p>Quatro pessoas morreram e tr\u00eas ficaram feridas em um acidente envolvendo tr\u00eas carros, no km 183 da BR-262, pr\u00f3ximo ao posto Boas Novas, no trecho entre Pequi\u00e1 e Ibatiba (ES), na manh\u00e3 desse s\u00e1bado (1).<\/p>\n<p><img decoding=\"async\" src=\"http:\/\/aconteceunovale.com.br\/portal\/wp-content\/uploads\/2014\/03\/acidente_carro_ipatinga_01_03_01.jpg\" alt=\"\" \/><br \/>\n<em>(Foto: Jailton Pereira\/Portal Capara\u00f3)<\/em><\/p>\n<p>Segundo informa\u00e7\u00f5es da Pol\u00edcia Rodovi\u00e1ria Federal (PRF), o Chevrolet Corsa, placas GUU 9899, de Ipatinga, dirigido por Fabricio Carvalho Lemos, de 30 anos, que seguia no sentido ao litoral, invadiu a contram\u00e3o, colidindo de frente com um Hyundai HB20 de Serra\/ES, que seguia para Minas Gerais e, em seguida, com um Volkswagen Parati de Santo Ant\u00f4nio do Monte\/MG, que vinha logo atr\u00e1s do Hyundai.<\/p>\n<p>Segundo o motorista da Parati, ele seguia atr\u00e1s do HB20, no sentido Minas Gerais, quando numa reta, o primeiro carro deparou com o Corsa na contram\u00e3o. Ainda de acordo com o relato dele, o motorista do Corsa tentou voltar para a sua pista, quando o ve\u00edculo se descontrolou, rodou na estrada e  chocou-se de frente com o HB20.<\/p>\n<p>Com o choque o corsa capotou no ar e caiu atr\u00e1s dos dois carros. A Parati ainda atingiu o HB20 que saiu da pista e bateu em uma \u00e1rvore.<\/p>\n<p><strong>TR\u00caS DA MESMA FAM\u00cdLIA<\/strong><\/p>\n<p>No HB20 viajavam quatro pessoas que iam de Serra\/ES para Belo Horizonte. O motorista Thiago Moreno, 25 anos, foi socorrido com ferimentos ao Hospital de Ibatiba, j\u00e1 o cunhado Jos\u00e9 Vitor de Figueiredo, a irm\u00e3 Flavia Moreno de Figueiredo e a sobrinha, Isabela  Moreno de Figueiredo, de 02 anos, morreram no local do acidente.<\/p>\n<p>Segundo o registro o pai de Isabela, Jos\u00e9 Vitor, saiu do carro andando e conversando, mas instantes depois, quando soube da morte da filha e da esposa, tamb\u00e9m morreu no meio da pista.<\/p>\n<p>O motorista da Parati saiu ileso do acidente.<\/p>\n<p><strong>QUARTA V\u00cdTIMA<\/strong><\/p>\n<p>A quarta v\u00edtima fatal estava no Corsa. Uma funcion\u00e1ria do hospital de Ibatiba conversou com a reportagem e informou que no carro com placas de Ipatinga, al\u00e9m do motorista Fabr\u00edcio, viajavam Terezinha Biazin, de 59 anos e um garoto identificado como Enzo. Eles foram levados para o Pronto Socorro do Hospital de Ibatiba. A esposa de Fabr\u00edcio, de 34 anos, identificada como Luciana Biazin, que tamb\u00e9m viajava no Corsa, faleceu presa \u00e0s ferragens.<\/p>\n<p>Fabr\u00edcio e Terezinha foram transferidos para o hospital de Vit\u00f3ria. \u201cO estado dele \u00e9 muito grave. A mulher est\u00e1 um pouco melhor. Quando ao garoto, familiares j\u00e1 pegaram ele aqui\u201d, disse.<\/p>\n<p>O tr\u00e2nsito ficou complicado no local, mas n\u00e3o chegou a ser interrompido.<\/p>\n<p>O Corpo de Bombeiros do Esp\u00edrito Santo e a Pol\u00edcia Rodovi\u00e1ria Federal de Ibatiba (ES) atenderam a ocorr\u00eancia.<\/p>\n<p><img decoding=\"async\" src=\"http:\/\/aconteceunovale.com.br\/portal\/wp-content\/uploads\/2014\/03\/acidente_carro_ipatinga_01_03_02.jpg\" alt=\"\" \/><br \/>\n<em><strong>Luciana morava com o marido Fabr\u00edcio e o filho no bairro Ideal. Ela morreu presa nas ferragens do Corsa, que tentava uma ultrapassagem e bateu de frente no Hyundai HB20, no qual morreu uma fam\u00edlia (pai, m\u00e3e e a filha).<\/strong><\/em><\/p>\n<p><img decoding=\"async\" src=\"http:\/\/aconteceunovale.com.br\/portal\/wp-content\/uploads\/2014\/03\/acidente_carro_ipatinga_01_03_03.jpg\" alt=\"\" \/><br \/>\n<em><strong>Luciana seguia com a fam\u00edlia para o litoral. Em outra fotografia exibida em seu perfil na internet, ela est\u00e1 na praia, encostada no mesmo autom\u00f3vel, que desta vez n\u00e3o chegou ao destino.<\/strong><\/em><\/p>\n<p><img decoding=\"async\" src=\"http:\/\/aconteceunovale.com.br\/portal\/wp-content\/uploads\/2014\/03\/acidente_carro_ipatinga_01_03_04.jpg\" alt=\"\" \/><br \/>\n<em>(Foto: Jailton Pereira\/Portal Capara\u00f3)<\/em><\/p>\n<p><img decoding=\"async\" src=\"http:\/\/aconteceunovale.com.br\/portal\/wp-content\/uploads\/2014\/03\/acidente_carro_ipatinga_01_03_05.jpg\" alt=\"\" \/><br \/>\n<em>(Foto: Jailton Pereira\/Portal Capara\u00f3)<\/em><\/p>\n<p><img decoding=\"async\" src=\"http:\/\/aconteceunovale.com.br\/portal\/wp-content\/uploads\/2014\/03\/acidente_carro_ipatinga_01_03_06.jpg\" alt=\"\" \/><br \/>\n<em>(Foto: Jailton Pereira\/Portal Capara\u00f3)<\/em><\/p>\n<p><img decoding=\"async\" src=\"http:\/\/aconteceunovale.com.br\/portal\/wp-content\/uploads\/2014\/03\/acidente_carro_ipatinga_01_03_07.jpg\" alt=\"\" \/><br \/>\n<em>(Foto: Jailton Pereira\/Portal Capara\u00f3)<\/em><\/p>\n<p><em>(Informa\u00e7\u00f5es dos Portais Capara\u00f3 e Plox)<\/em><\/p>\n","protected":false},"excerpt":{"rendered":"<p>Quatro pessoas morreram e tr\u00eas ficaram feridas em um acidente envolvendo tr\u00eas carros, no km 183 da BR-262, pr\u00f3ximo ao posto Boas Novas, no trecho entre Pequi\u00e1 e Ibatiba (ES), na manh\u00e3 desse s\u00e1bado (1). (Foto: Jailton Pereira\/Portal Capara\u00f3) Segundo informa\u00e7\u00f5es da Pol\u00edcia Rodovi\u00e1ria Federal (PRF), o Chevrolet Corsa, placas GUU 9899, de Ipatinga, dirigido [&hellip;]<\/p>\n","protected":false},"author":1,"featured_media":22735,"comment_status":"open","ping_status":"closed","sticky":false,"template":"","format":"standard","meta":{"amp_status":"","footnotes":""},"categories":[121],"tags":[5058,5062,5063,1018,5065,5068,5060,5059,201,5069,5067,5071,5061,5064,5072,964,4322,5070,5066],"class_list":["post-22734","post","type-post","status-publish","format-standard","has-post-thumbnail","hentry","category-leste","tag-acidente-com-carro-de-ipatinga-deixa-quatro-mortos-e-tres-feridos","tag-acidente-com-carro-de-ipatinga-na-br-262","tag-acidente-com-carro-de-ipatinga-no-espirito-santo","tag-destaque","tag-fabricio-carvalho-lemos","tag-flavia-moreno-de-figueiredo","tag-fotos-acidente-envolvendo-carro-da-luciana","tag-fotos-acidente-envolvendo-carro-de-ipatinga","tag-ipatinga","tag-isabela-moreno-de-figueiredo","tag-jose-vitor-de-figueiredo","tag-luciana-biazin","tag-quatro-morrem-em-acidente-com-tres-veiculos-na-br-262","tag-quatro-pessoas-morrem-em-acidente-envolvendo-carro-de-ipatinga","tag-quatro-pessoas-morrem-em-acidente-envolvendo-carro-de-ipatinga-na-br-262","tag-santo-antonio-do-monte","tag-serra","tag-terezinha-biazin","tag-thiago-moreno"],"_links":{"self":[{"href":"https:\/\/aconteceunovale.com.br\/portal\/index.php?rest_route=\/wp\/v2\/posts\/22734","targetHints":{"allow":["GET"]}}],"collection":[{"href":"https:\/\/aconteceunovale.com.br\/portal\/index.php?rest_route=\/wp\/v2\/posts"}],"about":[{"href":"https:\/\/aconteceunovale.com.br\/portal\/index.php?rest_route=\/wp\/v2\/types\/post"}],"author":[{"embeddable":true,"href":"https:\/\/aconteceunovale.com.br\/portal\/index.php?rest_route=\/wp\/v2\/users\/1"}],"replies":[{"embeddable":true,"href":"https:\/\/aconteceunovale.com.br\/portal\/index.php?rest_route=%2Fwp%2Fv2%2Fcomments&post=22734"}],"version-history":[{"count":0,"href":"https:\/\/aconteceunovale.com.br\/portal\/index.php?rest_route=\/wp\/v2\/posts\/22734\/revisions"}],"wp:featuredmedia":[{"embeddable":true,"href":"https:\/\/aconteceunovale.com.br\/portal\/index.php?rest_route=\/wp\/v2\/media\/22735"}],"wp:attachment":[{"href":"https:\/\/aconteceunovale.com.br\/portal\/index.php?rest_route=%2Fwp%2Fv2%2Fmedia&parent=22734"}],"wp:term":[{"taxonomy":"category","embeddable":true,"href":"https:\/\/aconteceunovale.com.br\/portal\/index.php?rest_route=%2Fwp%2Fv2%2Fcategories&post=22734"},{"taxonomy":"post_tag","embeddable":true,"href":"https:\/\/aconteceunovale.com.br\/portal\/index.php?rest_route=%2Fwp%2Fv2%2Ftags&post=22734"}],"curies":[{"name":"wp","href":"https:\/\/api.w.org\/{rel}","templated":true}]}}