{"id":22717,"date":"2014-03-02T11:25:17","date_gmt":"2014-03-02T14:25:17","guid":{"rendered":"http:\/\/aconteceunovale.com.br\/portal\/?p=22717"},"modified":"2014-03-02T12:39:52","modified_gmt":"2014-03-02T15:39:52","slug":"carnavalgada-atrai-centenas-de-folioes-em-varzea-da-palma","status":"publish","type":"post","link":"https:\/\/aconteceunovale.com.br\/portal\/?p=22717","title":{"rendered":"Carnavalgada atrai centenas de foli\u00f5es em V\u00e1rzea da Palma"},"content":{"rendered":"<p>O clima rural se misturou a maior festa popular do pa\u00eds. Em V\u00e1rzea da Palma, Norte de Minas Gerais, centenas de foli\u00f5es se reuniram na tarde deste s\u00e1bado (1) para participarem da primeira \u201cCarnavalgada\u201d da regi\u00e3o.<\/p>\n<p><img decoding=\"async\" src=\"http:\/\/aconteceunovale.com.br\/portal\/wp-content\/uploads\/2014\/03\/carnavalgada_varzea_da_palma_1.jpg\" alt=\"\" \/><br \/>\n<em><strong>Participantes receberam b\u00ean\u00e7\u00e3o durante a Carnavalgada. (Foto: Valdivan Veloso\/G1)<\/strong><\/em><\/p>\n<p>\u201cIsso faz parte da nossa cultura. Nada melhor que juntar a cavalgada a uma festa que gostamos muito, o Carnaval. Foi assim que surgiu a \u201cCarnavalgada\u201d, afirma um dos organizadores, Arthur Fagundes.<\/p>\n<p>Com muita anima\u00e7\u00e3o, cavaleiros e amazonas desfilaram pelas ruas e avenidas da cidade. Eles seguiram at\u00e9 a Serrinha, aos p\u00e9s da imagem de Cristo, onde receberam uma b\u00ean\u00e7\u00e3o especial para aguentar o percurso de 12 km.<\/p>\n<p>\u201cTudo que o homem for realizar \u00e9 importante que ele coloque Deus \u00e0 frente. Assim, at\u00e9 o divertimento \u00e9 mais saud\u00e1vel. E esse momento \u00e9 importante para mostrar que Deus esta presente nesta festa que hoje participamos\u201d, afirma o padre Adilson Rodrigues Ferreira.<\/p>\n<p>Com o esp\u00edrito renovado, os foli\u00f5es seguiram na cavalgada por estradas que encantavam pela vegeta\u00e7\u00e3o t\u00edpica do cerrado. O som dos p\u00e1ssaros tamb\u00e9m se misturava \u00e0s m\u00fasicas do carro de som, que entoava o ritmo sertanejo e tamb\u00e9m as tradicionais marchinhas, que desta vez vieram em ritmo de funk.<\/p>\n<p>\u201cUma paisagem desta, com os amigos nesta \u201cCarnavalgada\u201d \u00e9 muito bom. Este \u00e9 o melhor Carnaval que j\u00e1 vi\u201d, afirma o foli\u00e3o Mazinho Aguiar.<\/p>\n<p>\u201cPara mim \u00e9 bom demais participar desta festa maravilhosa. Aqui estou renovando minhas energias, saindo do estresse do dia a dia\u201d, disse o caminhoneiro C\u00e9sar de Souza.<\/p>\n<p>A cavalgada acabou ap\u00f3s duas horas, mas os participantes descansaram apenas alguns minutos. E, logo ap\u00f3s, uma corrida de argolinha tamb\u00e9m foi realizada com muita descontra\u00e7\u00e3o e alegria.<\/p>\n<p>A festa seguiu at\u00e9 a madrugada embalada pelo som de artistas locais. \u201c\u00c9 bom demais participar desta festa. \u00c9 diferente, por isso \u00e9 empolgante\u201d, festeja a professora Cristina Aguiar.<\/p>\n<p>Neste domingo a \u201cCarnavalgada\u201d ter\u00e1 shows de ax\u00e9 e sertanejo.<\/p>\n<p><img decoding=\"async\" src=\"http:\/\/aconteceunovale.com.br\/portal\/wp-content\/uploads\/2014\/03\/carnavalgada_varzea_da_palma_2.jpg\" alt=\"\" \/><br \/>\n<em><strong>O ritmo sertanejo e tamb\u00e9m as tradicionais marchinhas comandaram a festa. (Foto: Valdivan Veloso\/G1)<\/strong><\/em><\/p>\n<p><strong>(G1)<\/strong><\/p>\n","protected":false},"excerpt":{"rendered":"<p>O clima rural se misturou a maior festa popular do pa\u00eds. Em V\u00e1rzea da Palma, Norte de Minas Gerais, centenas de foli\u00f5es se reuniram na tarde deste s\u00e1bado (1) para participarem da primeira \u201cCarnavalgada\u201d da regi\u00e3o. Participantes receberam b\u00ean\u00e7\u00e3o durante a Carnavalgada. (Foto: Valdivan Veloso\/G1) \u201cIsso faz parte da nossa cultura. Nada melhor que juntar [&hellip;]<\/p>\n","protected":false},"author":1,"featured_media":22718,"comment_status":"open","ping_status":"closed","sticky":false,"template":"","format":"standard","meta":{"amp_status":"","footnotes":""},"categories":[125],"tags":[3649,5055,5054,5052,5053,1018,1340],"class_list":["post-22717","post","type-post","status-publish","format-standard","has-post-thumbnail","hentry","category-noticias","tag-carnaval-2014","tag-carnaval-de-varzea-da-palma","tag-carnaval-de-varzea-da-palma-2014","tag-carnavalgada-atrai-centenas-de-folioes-em-varzea-da-palma","tag-carnavalgada-de-varzea-da-palma","tag-destaque","tag-varzea-da-palma"],"_links":{"self":[{"href":"https:\/\/aconteceunovale.com.br\/portal\/index.php?rest_route=\/wp\/v2\/posts\/22717","targetHints":{"allow":["GET"]}}],"collection":[{"href":"https:\/\/aconteceunovale.com.br\/portal\/index.php?rest_route=\/wp\/v2\/posts"}],"about":[{"href":"https:\/\/aconteceunovale.com.br\/portal\/index.php?rest_route=\/wp\/v2\/types\/post"}],"author":[{"embeddable":true,"href":"https:\/\/aconteceunovale.com.br\/portal\/index.php?rest_route=\/wp\/v2\/users\/1"}],"replies":[{"embeddable":true,"href":"https:\/\/aconteceunovale.com.br\/portal\/index.php?rest_route=%2Fwp%2Fv2%2Fcomments&post=22717"}],"version-history":[{"count":0,"href":"https:\/\/aconteceunovale.com.br\/portal\/index.php?rest_route=\/wp\/v2\/posts\/22717\/revisions"}],"wp:featuredmedia":[{"embeddable":true,"href":"https:\/\/aconteceunovale.com.br\/portal\/index.php?rest_route=\/wp\/v2\/media\/22718"}],"wp:attachment":[{"href":"https:\/\/aconteceunovale.com.br\/portal\/index.php?rest_route=%2Fwp%2Fv2%2Fmedia&parent=22717"}],"wp:term":[{"taxonomy":"category","embeddable":true,"href":"https:\/\/aconteceunovale.com.br\/portal\/index.php?rest_route=%2Fwp%2Fv2%2Fcategories&post=22717"},{"taxonomy":"post_tag","embeddable":true,"href":"https:\/\/aconteceunovale.com.br\/portal\/index.php?rest_route=%2Fwp%2Fv2%2Ftags&post=22717"}],"curies":[{"name":"wp","href":"https:\/\/api.w.org\/{rel}","templated":true}]}}