{"id":22712,"date":"2014-03-02T11:13:29","date_gmt":"2014-03-02T14:13:29","guid":{"rendered":"http:\/\/aconteceunovale.com.br\/portal\/?p=22712"},"modified":"2014-03-02T11:13:29","modified_gmt":"2014-03-02T14:13:29","slug":"projeto-visa-transformar-a-regiao-de-itamarandiba-em-polo-na-producao-de-mel","status":"publish","type":"post","link":"https:\/\/aconteceunovale.com.br\/portal\/?p=22712","title":{"rendered":"Projeto visa transformar a regi\u00e3o de Itamarandiba em polo na produ\u00e7\u00e3o de mel"},"content":{"rendered":"<p>Onze projetos comunit\u00e1rios ser\u00e3o apoiados pelo Fundo Comunidade em Rede, entre 2014 e 2015, em munic\u00edpios dos estados de S\u00e3o Paulo, Esp\u00edrito Santo, Minas Gerais e Bahia. Com perspectivas e focos diversos, os projetos ter\u00e3o como fio condutor a organiza\u00e7\u00e3o comunit\u00e1ria e o desenvolvimento de base.<\/p>\n<p>Cada um dos projetos ter\u00e1 o apoio espec\u00edfico e acompanhamento de uma das organiza\u00e7\u00f5es brasileiras filiadas \u00e0 RedEAm\u00e9rica, signat\u00e1rias de conv\u00eanio firmado com a Funda\u00e7\u00e3o Interamericana, dos Estados Unidos, para a constitui\u00e7\u00e3o do Fundo Comunidade em Rede.<\/p>\n<p>A RedEAm\u00e9rica re\u00fane 70 funda\u00e7\u00f5es e institutos empresariais de onze pa\u00edses.<\/p>\n<p>Quatro projetos ser\u00e3o implementados em Minas Gerais. O projeto \u201cApicultura em rede no Vale\u201d, que tem a Funda\u00e7\u00e3o Aperam Acesita como signat\u00e1ria junto ao Fundo Comunidade em Rede, ser\u00e1 desenvolvido nos munic\u00edpios de Itamarandiba e Veredinha, objetivando contribuir para que o Vale do Jequitinhonha seja reconhecido como potencial polo de produ\u00e7\u00e3o de mel. A mesma Funda\u00e7\u00e3o Aperam Acesita \u00e9 signat\u00e1ria do projeto \u201cUm Novo Tempo\u201d, que ser\u00e1 desenvolvido em Tim\u00f3teo, visando contribuir para o fortalecimento dos v\u00ednculos familiares e comunit\u00e1rios no bairro Novo Tempo.<\/p>\n<p>Ainda em Minas Gerais, o projeto \u201cRede Comunit\u00e1ria em A\u00e7\u00e3o (Recoa)\u201d, tendo o Instituto Holcim como signat\u00e1rio, ser\u00e1 desenvolvido nos bairros de Ferreiras, Teot\u00f4nio Batista de Freitas, Magalh\u00e3es e Romero de Carvalho, com o prop\u00f3sito de fortalecer a participa\u00e7\u00e3o comunit\u00e1ria, por meio de a\u00e7\u00f5es coletivas a partir de objetivos comuns. E no mesmo estado, o Projeto \u201cTr\u00eas Marias em rede: capacita\u00e7\u00e3o e cidadania em foco\u201d ter\u00e1 o Instituto Votorantim como signat\u00e1rio, com o objetivo de aumentar a capacidade de lideran\u00e7as comunit\u00e1rias e influenciarem positivamente o desenvolvimento da comunidade onde vivem, promovendo e facilitando o acesso da popula\u00e7\u00e3o a espa\u00e7os de conviv\u00eancia e de lazer, no munic\u00edpio de Tr\u00eas Marias.<\/p>\n<p><img decoding=\"async\" src=\"http:\/\/aconteceunovale.com.br\/portal\/wp-content\/uploads\/2014\/03\/mel_ita_polo_regional.jpg\" alt=\"\" \/><\/p>\n<p><strong>(Jornal Dia a Dia)<\/strong><\/p>\n","protected":false},"excerpt":{"rendered":"<p>Onze projetos comunit\u00e1rios ser\u00e3o apoiados pelo Fundo Comunidade em Rede, entre 2014 e 2015, em munic\u00edpios dos estados de S\u00e3o Paulo, Esp\u00edrito Santo, Minas Gerais e Bahia. Com perspectivas e focos diversos, os projetos ter\u00e3o como fio condutor a organiza\u00e7\u00e3o comunit\u00e1ria e o desenvolvimento de base. Cada um dos projetos ter\u00e1 o apoio espec\u00edfico e [&hellip;]<\/p>\n","protected":false},"author":1,"featured_media":22713,"comment_status":"open","ping_status":"closed","sticky":false,"template":"","format":"standard","meta":{"amp_status":"","footnotes":""},"categories":[120],"tags":[149,5050],"class_list":["post-22712","post","type-post","status-publish","format-standard","has-post-thumbnail","hentry","category-jequi","tag-itamarandiba","tag-projeto-visa-transformar-a-regiao-de-itamarandiba-em-polo-na-producao-de-mel"],"_links":{"self":[{"href":"https:\/\/aconteceunovale.com.br\/portal\/index.php?rest_route=\/wp\/v2\/posts\/22712","targetHints":{"allow":["GET"]}}],"collection":[{"href":"https:\/\/aconteceunovale.com.br\/portal\/index.php?rest_route=\/wp\/v2\/posts"}],"about":[{"href":"https:\/\/aconteceunovale.com.br\/portal\/index.php?rest_route=\/wp\/v2\/types\/post"}],"author":[{"embeddable":true,"href":"https:\/\/aconteceunovale.com.br\/portal\/index.php?rest_route=\/wp\/v2\/users\/1"}],"replies":[{"embeddable":true,"href":"https:\/\/aconteceunovale.com.br\/portal\/index.php?rest_route=%2Fwp%2Fv2%2Fcomments&post=22712"}],"version-history":[{"count":0,"href":"https:\/\/aconteceunovale.com.br\/portal\/index.php?rest_route=\/wp\/v2\/posts\/22712\/revisions"}],"wp:featuredmedia":[{"embeddable":true,"href":"https:\/\/aconteceunovale.com.br\/portal\/index.php?rest_route=\/wp\/v2\/media\/22713"}],"wp:attachment":[{"href":"https:\/\/aconteceunovale.com.br\/portal\/index.php?rest_route=%2Fwp%2Fv2%2Fmedia&parent=22712"}],"wp:term":[{"taxonomy":"category","embeddable":true,"href":"https:\/\/aconteceunovale.com.br\/portal\/index.php?rest_route=%2Fwp%2Fv2%2Fcategories&post=22712"},{"taxonomy":"post_tag","embeddable":true,"href":"https:\/\/aconteceunovale.com.br\/portal\/index.php?rest_route=%2Fwp%2Fv2%2Ftags&post=22712"}],"curies":[{"name":"wp","href":"https:\/\/api.w.org\/{rel}","templated":true}]}}