{"id":22686,"date":"2014-03-01T19:40:37","date_gmt":"2014-03-01T22:40:37","guid":{"rendered":"http:\/\/aconteceunovale.com.br\/portal\/?p=22686"},"modified":"2014-03-01T19:40:37","modified_gmt":"2014-03-01T22:40:37","slug":"folia-e-religiao-dominam-o-carnaval-no-norte-de-minas","status":"publish","type":"post","link":"https:\/\/aconteceunovale.com.br\/portal\/?p=22686","title":{"rendered":"Folia e religi\u00e3o dominam o carnaval no Norte de Minas"},"content":{"rendered":"<p>Carnaval dos blocos e das tradi\u00e7\u00f5es. Esse \u00e9 o tom do Carnaval no Norte de Minas.  Ao som de marcinhas e sambas de raiz, os blocos caricatos animaram os foli\u00f5es. Em Montes Claros, o concurso de blocos caricatos \u00e9 a grande atra\u00e7\u00e3o da festa. A m\u00fasica baiana tamb\u00e9m dar\u00e1 o tom neste domingo. Em Pirapora, a turma ser\u00e1 animada pela banda &#8220;\u00c9 o Tchan&#8221; e em Montes Claros, por B\u00e1rbara Lopes.<\/p>\n<p><img decoding=\"async\" src=\"http:\/\/aconteceunovale.com.br\/portal\/wp-content\/uploads\/2014\/03\/bloco_do_saci_01_03_01.jpg\" alt=\"\" \/><br \/>\n<em><strong>BLOCO DO SACI &#8211; A crian\u00e7ada entra no clima do carnaval. (Foto: Josec\u00e9 Santos)<\/strong><\/em><\/p>\n<p>Neste s\u00e1bado (1\u00ba), a tradicional Bloco da Morada deu \u00e0s boas vindas para a divers\u00e3o em Montes Claros. O grupo, que existe h\u00e1 tr\u00eas, re\u00fane todos os anos mais de 5.000 pessoas no bairro Morada do Parque. O batuque foi garantido pela Escola de Samba do Saci, um dos grupos mais tradicionais da cidade.<\/p>\n<p>Com samba no p\u00e9 e muito bom humor, os foli\u00f5es deram ritmo e cad\u00eancia \u00e0 folia. Com o tema, \u201cA Copa do Mundo \u00e9 do Brasil e o copo \u00e9 nosso\u201d, os foli\u00f5es sambaram ao ritmo de saudosas marcinha.<\/p>\n<p>Em Pirapora, nem a chuva desanimou os foli\u00f5es. A festa, que aconteceu durante todo o dia, tomou conta das principais ruas da cidade. Pela manh\u00e3, as crian\u00e7as foram o destaque da festa infantil. Com fantasias e adere\u00e7os, as sambaram ao som de marcinhas de carnaval.<\/p>\n<p><strong>Carnaval em Cristo<\/strong><\/p>\n<p>Aliar divers\u00e3o e religiosidade. Esse \u00e9 o objetivo de um grupo de jovens de Montes Claros. O evento, conhecido como Carnaval em Cristo, re\u00fane fi\u00e9is da Igreja Cat\u00f3lica.<\/p>\n<p>A festa, que acontece h\u00e1 tr\u00eas anos, busca aproximar os jovens \u00e0 religi\u00e3o. \u201cEstar pr\u00f3ximo de Deus tamb\u00e9m \u00e9 divertido. Isso tamb\u00e9m pode ser feito com m\u00fasica, dan\u00e7a e com muita alegria\u201d, explicou o organizador Gustavo Gon\u00e7alves da Silva, de 20 anos.<\/p>\n<p>A festa, que reuniu 300 pessoas e reuniu jovens crian\u00e7as e adultos. \u201cQuem quiser festejar com Cristo \u00e9 sempre muito bem vindo independente de qualquer religi\u00e3o\u201d, disse Gustavo. At\u00e9 um abada foi confeccionado para garantir o clima carnavalesco, o \u201cabaDeus\u201d. \u201cAfinal de contas estamos na festa mais tradicional do pa\u00eds\u201d, disse Gustavo.<\/p>\n<p><strong>Programa\u00e7\u00e3o da Folia Norte de Minas:<\/strong><\/p>\n<p><strong>Pirapora:<\/strong><\/p>\n<p>Domingo \u2013 02\/03<br \/>\n10 \u00e0s 14h30 \u2013 Palco Balne\u00e1rio das Duchas &#8211; DJ Som e Anima\u00e7\u00e3o<\/p>\n<p>14h30 \u2013 15 horas \u2013 Palco Balne\u00e1rio das Duchas apresenta\u00e7\u00e3o Grupo Dance<\/p>\n<p>15 \u00e0s 16 horas \u2013 Dance Folia \u2013 Palco Balne\u00e1rio das Duchas &#8211; Aeropira \/ Grupo Jows<\/p>\n<p>16 \u00e0s 18h30 \u2013 Show Banda de Pagode e Ax\u00e9 \u2013 Palco Balne\u00e1rio das Duchas \u2013 Banda Novo Iskema<\/p>\n<p>16 \u00e0s 17 horas \u2013 Concentra\u00e7\u00e3o do Bloco Infantil Porezinho \u2013 Centro de Conven\u00e7\u00f5es<\/p>\n<p>17h30 \u00e0s 18h30 \u2013 Carnaval Infantil na \u00c1rea de Eventos em frente ao Palco Principal<\/p>\n<p>18h30 \u00e0s 20h30 \u2013 Carnaval Infantil com Concurso Fantasia Mirim (Crian\u00e7as de 03 a 12 anos)<\/p>\n<p>20h30 \u00e0s 23h30 \u2013 Desfile Blocos Caricatos e Carnavalesco \u2013 \u00c1rea de Eventos<\/p>\n<p><strong>Gr\u00e3o Mogol:<\/strong><\/p>\n<p>15 \u00e0s 20 horas &#8211; Show com as bandas Pankad\u00e3o Baiano e Mr. Jones<\/p>\n<p>20 horas &#8211; na Rua Direita Desfiles do Bloco Infantil e Banda Marcinhas \u201cA Furiosa\u201d.<\/p>\n<p>23 horas &#8211; Show com as Bandas Duas Medidas e Mega.<\/p>\n<p><strong>Montes Claros:<\/strong><\/p>\n<p>16 horas &#8211; Blocos Infantis na Lagoa Interlagos<\/p>\n<p>18 horas \u2013 Bloco do Saci no bairro Morada do Parque<\/p>\n<p>20 horas \u2013 Desfiles Carnavalescos na Lagoa Interlagos<\/p>\n<p>21h30 \u2013 Desfile do Acad\u00eamicos do Formig\u00e3o na Lagoa Interlagos<\/p>\n<p>22h30 \u2013 Show com B\u00e1rbara Lopes na Lagoa Interlagos<\/p>\n","protected":false},"excerpt":{"rendered":"<p>Carnaval dos blocos e das tradi\u00e7\u00f5es. Esse \u00e9 o tom do Carnaval no Norte de Minas. Ao som de marcinhas e sambas de raiz, os blocos caricatos animaram os foli\u00f5es. Em Montes Claros, o concurso de blocos caricatos \u00e9 a grande atra\u00e7\u00e3o da festa. A m\u00fasica baiana tamb\u00e9m dar\u00e1 o tom neste domingo. Em Pirapora, [&hellip;]<\/p>\n","protected":false},"author":1,"featured_media":22671,"comment_status":"open","ping_status":"closed","sticky":false,"template":"","format":"standard","meta":{"amp_status":"","footnotes":""},"categories":[125],"tags":[5033,1153,210,254],"class_list":["post-22686","post","type-post","status-publish","format-standard","has-post-thumbnail","hentry","category-noticias","tag-folia-e-religiao-dominam-o-carnaval-no-norte-de-minas","tag-grao-mogol","tag-montes-claros","tag-pirapora"],"_links":{"self":[{"href":"https:\/\/aconteceunovale.com.br\/portal\/index.php?rest_route=\/wp\/v2\/posts\/22686","targetHints":{"allow":["GET"]}}],"collection":[{"href":"https:\/\/aconteceunovale.com.br\/portal\/index.php?rest_route=\/wp\/v2\/posts"}],"about":[{"href":"https:\/\/aconteceunovale.com.br\/portal\/index.php?rest_route=\/wp\/v2\/types\/post"}],"author":[{"embeddable":true,"href":"https:\/\/aconteceunovale.com.br\/portal\/index.php?rest_route=\/wp\/v2\/users\/1"}],"replies":[{"embeddable":true,"href":"https:\/\/aconteceunovale.com.br\/portal\/index.php?rest_route=%2Fwp%2Fv2%2Fcomments&post=22686"}],"version-history":[{"count":0,"href":"https:\/\/aconteceunovale.com.br\/portal\/index.php?rest_route=\/wp\/v2\/posts\/22686\/revisions"}],"wp:featuredmedia":[{"embeddable":true,"href":"https:\/\/aconteceunovale.com.br\/portal\/index.php?rest_route=\/wp\/v2\/media\/22671"}],"wp:attachment":[{"href":"https:\/\/aconteceunovale.com.br\/portal\/index.php?rest_route=%2Fwp%2Fv2%2Fmedia&parent=22686"}],"wp:term":[{"taxonomy":"category","embeddable":true,"href":"https:\/\/aconteceunovale.com.br\/portal\/index.php?rest_route=%2Fwp%2Fv2%2Fcategories&post=22686"},{"taxonomy":"post_tag","embeddable":true,"href":"https:\/\/aconteceunovale.com.br\/portal\/index.php?rest_route=%2Fwp%2Fv2%2Ftags&post=22686"}],"curies":[{"name":"wp","href":"https:\/\/api.w.org\/{rel}","templated":true}]}}