{"id":22683,"date":"2014-03-01T19:33:30","date_gmt":"2014-03-01T22:33:30","guid":{"rendered":"http:\/\/aconteceunovale.com.br\/portal\/?p=22683"},"modified":"2014-03-02T11:45:48","modified_gmt":"2014-03-02T14:45:48","slug":"diamantina-nao-deixa-o-clima-esfriar-e-folioes-improvisam-blocos","status":"publish","type":"post","link":"https:\/\/aconteceunovale.com.br\/portal\/?p=22683","title":{"rendered":"Diamantina n\u00e3o deixa o clima esfriar e foli\u00f5es improvisam blocos"},"content":{"rendered":"<p>Os foli\u00f5es que curtem o carnaval h\u00e1 algum tempo em Diamantina, no Vale do Jequitinhonha, notaram diferen\u00e7a na festa deste ano. No primeiro dia de folia, as ruas do Centro Hist\u00f3rico, onde a concentra\u00e7\u00e3o \u00e9 maior, est\u00e3o  mais vazias que o de costume. A respons\u00e1vel pelo p\u00fablico pequeno foi a forte chuva que cai sobre a cidade desde cedo.<\/p>\n<p>Apesar da expectativa de que cerca de 20 mil foli\u00f5es chegariam \u00e0 cidade, nas ladeiras de pedras e nas pra\u00e7as, na tarde deste s\u00e1bado (1\u00ba),  havia pouco movimento. No show da Bartucada, a estimativa era de que cerca de mil pessoas, muitas com sombrinhas se animaram a curtir a apresenta\u00e7\u00e3o da tradicional banda debaixo de chuva.<\/p>\n<p>A venderora \u00c9rica Alessandra Soares, de 33 anos, e a amiga decoradora Jerrilene Martins, de 39, sa\u00edram de Sabar\u00e1 neste s\u00e1bado e estavam chateadas com o temporal que n\u00e3o deu trr\u00e9gua aos foli\u00f5es. &#8220;Eu queria ue o tempo estivesse sem chuva para eu aproveitar mais a folia&#8221;, afirmou \u00c9rica. Mesmo chovendo, as amigas garantiram que iriam virar a noite para esperar o show da Bat-Caverna, marcado para depois da apresenta\u00e7\u00e3o da Bartucada.<\/p>\n<p>Vazia ou n\u00e3o, grupos de amigos que se concentram todos os anos na \u201cQuitanda do Samba\u201d, uma das ruas mais conhecidas de Diamantina, garantiram presen\u00e7a. Do improviso e criatividade dos visitantes surgiam at\u00e9 novos blocos que tentavam animar a galera. Aos poucos as pessoas, mesmo molhadas, come\u00e7aram a entrar no clima que prometia invadir a madrugada.<\/p>\n<p>De Portugal, um grupo de oito universit\u00e1rios criou o \u201cSamba Rousseff\u201d, em homenagem a presidente do Brasil, e com muito samba do p\u00e9, desfilava pela primeira vez nas ruas da cidade.<\/p>\n<p>Para garantir a seguran\u00e7a dos brincantes, um esquema de seguran\u00e7a foi especialmente planejado. Na entrada da cidade, agentes das pol\u00edcias Militar, Civil e Rodovi\u00e1ria Estadual abordavam motoristas que chegavam ao munic\u00edpio.<\/p>\n<p>C\u00e2meras de vigil\u00e2ncia foram instaladas nos principais pontos da cidade e fiscais da prefeitura se espalharam pelas ruas para evitar danos ao patrim\u00f4nio e a a\u00e7\u00e3o de ambulantes. Durante os dias de festa, o foli\u00e3o que for p\u00eago fazendo xixi nas ruas ser\u00e1 preso em flagrante.<\/p>\n<p><img decoding=\"async\" src=\"http:\/\/aconteceunovale.com.br\/portal\/wp-content\/uploads\/2014\/03\/carnaval_dtna_01_03.jpg\" alt=\"\" \/><br \/>\n<em>Foli\u00f5es de v\u00e1rios lugares tomaram as ruas e esquentaram o Carnaval de Diamantina (Foto: Ricardo Bastos\/HD)<\/em><\/p>\n<p><strong>(Hoje em Dia)<\/strong><\/p>\n","protected":false},"excerpt":{"rendered":"<p>Os foli\u00f5es que curtem o carnaval h\u00e1 algum tempo em Diamantina, no Vale do Jequitinhonha, notaram diferen\u00e7a na festa deste ano. No primeiro dia de folia, as ruas do Centro Hist\u00f3rico, onde a concentra\u00e7\u00e3o \u00e9 maior, est\u00e3o mais vazias que o de costume. A respons\u00e1vel pelo p\u00fablico pequeno foi a forte chuva que cai sobre [&hellip;]<\/p>\n","protected":false},"author":1,"featured_media":22684,"comment_status":"open","ping_status":"closed","sticky":false,"template":"","format":"standard","meta":{"amp_status":"","footnotes":""},"categories":[125],"tags":[3649,3026,4470,1018,198,5032],"class_list":["post-22683","post","type-post","status-publish","format-standard","has-post-thumbnail","hentry","category-noticias","tag-carnaval-2014","tag-carnaval-de-diamantina","tag-carnaval-de-diamantina-2014","tag-destaque","tag-diamantina","tag-diamantina-nao-deixa-o-clima-esfriar-e-folioes-improvisam-blocos"],"_links":{"self":[{"href":"https:\/\/aconteceunovale.com.br\/portal\/index.php?rest_route=\/wp\/v2\/posts\/22683","targetHints":{"allow":["GET"]}}],"collection":[{"href":"https:\/\/aconteceunovale.com.br\/portal\/index.php?rest_route=\/wp\/v2\/posts"}],"about":[{"href":"https:\/\/aconteceunovale.com.br\/portal\/index.php?rest_route=\/wp\/v2\/types\/post"}],"author":[{"embeddable":true,"href":"https:\/\/aconteceunovale.com.br\/portal\/index.php?rest_route=\/wp\/v2\/users\/1"}],"replies":[{"embeddable":true,"href":"https:\/\/aconteceunovale.com.br\/portal\/index.php?rest_route=%2Fwp%2Fv2%2Fcomments&post=22683"}],"version-history":[{"count":0,"href":"https:\/\/aconteceunovale.com.br\/portal\/index.php?rest_route=\/wp\/v2\/posts\/22683\/revisions"}],"wp:featuredmedia":[{"embeddable":true,"href":"https:\/\/aconteceunovale.com.br\/portal\/index.php?rest_route=\/wp\/v2\/media\/22684"}],"wp:attachment":[{"href":"https:\/\/aconteceunovale.com.br\/portal\/index.php?rest_route=%2Fwp%2Fv2%2Fmedia&parent=22683"}],"wp:term":[{"taxonomy":"category","embeddable":true,"href":"https:\/\/aconteceunovale.com.br\/portal\/index.php?rest_route=%2Fwp%2Fv2%2Fcategories&post=22683"},{"taxonomy":"post_tag","embeddable":true,"href":"https:\/\/aconteceunovale.com.br\/portal\/index.php?rest_route=%2Fwp%2Fv2%2Ftags&post=22683"}],"curies":[{"name":"wp","href":"https:\/\/api.w.org\/{rel}","templated":true}]}}