{"id":22633,"date":"2014-02-28T19:51:14","date_gmt":"2014-02-28T22:51:14","guid":{"rendered":"http:\/\/aconteceunovale.com.br\/portal\/?p=22633"},"modified":"2014-02-28T19:51:14","modified_gmt":"2014-02-28T22:51:14","slug":"policia-ambiental-flagra-transporte-irregular-de-carvao-em-coluna","status":"publish","type":"post","link":"https:\/\/aconteceunovale.com.br\/portal\/?p=22633","title":{"rendered":"Pol\u00edcia Ambiental flagra transporte irregular de carv\u00e3o em Coluna"},"content":{"rendered":"<p>Na tarde de quarta-feira (26), durante patrulhamento ambiental pelo C\u00f3rrego Vermelho, na zona rural do munic\u00edpio de Coluna, Policiais Militares do 2\u00ba Grupamento Ambiental de S\u00e3o Jo\u00e3o Evangelista flagraram transporte irregular de carv\u00e3o.<\/p>\n<p>Os militares abordaram o caminh\u00e3o M.Benz, placa GYI 8170, emplacado em Itamarandiba\/MG e flagraram o condutor transportando 50 MDC (metros de carv\u00e3o) vegetal sem Documento de Controle Ambiental (DCA). <\/p>\n<p>O autor foi autuado administrativamente, preso em flagrante e conduzido \u00e0 Delegacia de S\u00e3o Jo\u00e3o Evangelista.<\/p>\n<p><img decoding=\"async\" src=\"http:\/\/aconteceunovale.com.br\/portal\/wp-content\/uploads\/2014\/02\/caminhao_carvao_preso_coluna_28.jpg\" alt=\"\" \/><\/p>\n<p><strong>(Folha de Guanh\u00e3es)<\/strong><\/p>\n","protected":false},"excerpt":{"rendered":"<p>Na tarde de quarta-feira (26), durante patrulhamento ambiental pelo C\u00f3rrego Vermelho, na zona rural do munic\u00edpio de Coluna, Policiais Militares do 2\u00ba Grupamento Ambiental de S\u00e3o Jo\u00e3o Evangelista flagraram transporte irregular de carv\u00e3o. Os militares abordaram o caminh\u00e3o M.Benz, placa GYI 8170, emplacado em Itamarandiba\/MG e flagraram o condutor transportando 50 MDC (metros de carv\u00e3o) [&hellip;]<\/p>\n","protected":false},"author":1,"featured_media":22634,"comment_status":"open","ping_status":"closed","sticky":false,"template":"","format":"standard","meta":{"amp_status":"","footnotes":""},"categories":[121],"tags":[281,5014,162],"class_list":["post-22633","post","type-post","status-publish","format-standard","has-post-thumbnail","hentry","category-leste","tag-coluna","tag-policia-ambiental-flagra-transporte-irregular-de-carvao-em-coluna","tag-sao-joao-evangelista"],"_links":{"self":[{"href":"https:\/\/aconteceunovale.com.br\/portal\/index.php?rest_route=\/wp\/v2\/posts\/22633","targetHints":{"allow":["GET"]}}],"collection":[{"href":"https:\/\/aconteceunovale.com.br\/portal\/index.php?rest_route=\/wp\/v2\/posts"}],"about":[{"href":"https:\/\/aconteceunovale.com.br\/portal\/index.php?rest_route=\/wp\/v2\/types\/post"}],"author":[{"embeddable":true,"href":"https:\/\/aconteceunovale.com.br\/portal\/index.php?rest_route=\/wp\/v2\/users\/1"}],"replies":[{"embeddable":true,"href":"https:\/\/aconteceunovale.com.br\/portal\/index.php?rest_route=%2Fwp%2Fv2%2Fcomments&post=22633"}],"version-history":[{"count":0,"href":"https:\/\/aconteceunovale.com.br\/portal\/index.php?rest_route=\/wp\/v2\/posts\/22633\/revisions"}],"wp:featuredmedia":[{"embeddable":true,"href":"https:\/\/aconteceunovale.com.br\/portal\/index.php?rest_route=\/wp\/v2\/media\/22634"}],"wp:attachment":[{"href":"https:\/\/aconteceunovale.com.br\/portal\/index.php?rest_route=%2Fwp%2Fv2%2Fmedia&parent=22633"}],"wp:term":[{"taxonomy":"category","embeddable":true,"href":"https:\/\/aconteceunovale.com.br\/portal\/index.php?rest_route=%2Fwp%2Fv2%2Fcategories&post=22633"},{"taxonomy":"post_tag","embeddable":true,"href":"https:\/\/aconteceunovale.com.br\/portal\/index.php?rest_route=%2Fwp%2Fv2%2Ftags&post=22633"}],"curies":[{"name":"wp","href":"https:\/\/api.w.org\/{rel}","templated":true}]}}