{"id":22577,"date":"2014-02-28T12:23:13","date_gmt":"2014-02-28T15:23:13","guid":{"rendered":"http:\/\/aconteceunovale.com.br\/portal\/?p=22577"},"modified":"2014-02-28T12:23:13","modified_gmt":"2014-02-28T15:23:13","slug":"carnaval-sera-com-chuva-nos-principais-destinos-dos-mineiros","status":"publish","type":"post","link":"https:\/\/aconteceunovale.com.br\/portal\/?p=22577","title":{"rendered":"Carnaval ser\u00e1 com chuva nos principais destinos dos mineiros"},"content":{"rendered":"<p>O Carnaval para a maioria dos mineiros ser\u00e1 embaixo de chuva, segundo o Centro de Climatologia TempoClima Puc Minas.<\/p>\n<p>Desta sexta-feira (28) at\u00e9 domingo (2) a previs\u00e3o \u00e9 de chuva para o Sul de Minas, Zona da Mata, Tri\u00e2ngulo Mineiro, regi\u00e3o Central e para Belo Horizonte. Nas demais regi\u00f5es de Minas, o tempo fica parcialmente nublado nos cinco dias de folia.<\/p>\n<p><img decoding=\"async\" src=\"http:\/\/aconteceunovale.com.br\/portal\/wp-content\/uploads\/2014\/02\/folioes_carnaval_mg.jpg\" alt=\"\" \/><br \/>\n<em>(Foli\u00f5es animados no bloco de rua que desfilou no bairro Santa Efig\u00eania &#8211; Foto: Toninho Almada\/HD)<\/em><\/p>\n<p>Na capital, a temperatura deve variar no fim de semana entre 18\u00baC e 28\u00baC. No Estado, a m\u00ednima ser\u00e1 de 13\u00baC em Maria da F\u00e9 e Monte Verde, no Sul de Minas, e m\u00e1xima de 37\u00baC, em Janu\u00e1ria, no Norte do Estado.<\/p>\n<p>Em Diamantina, no Vale do Jequitinhonha, n\u00e3o h\u00e1 previs\u00e3o de chuva e os term\u00f4metros ficam em torno dos 27\u00baC. J\u00e1 em Ouro Preto, o tempo de ficar nublado com pancadas de chuva. Os term\u00f4metros na cidade hist\u00f3rica devem variar entre 17\u00baC e 27\u00baC.<\/p>\n<p>No litoral do Sudeste do Brasil, h\u00e1 previs\u00e3o de chuva em S\u00e3o Paulo e no Rio de Janeiro. Contudo, na segunda-feira (3) e ter\u00e7a-feira (4) o clima deve ficar firme. No litoral capixaba tem previs\u00e3o de chuva para s\u00e1bado. Nos demais dias do Carnaval, o tempo fica parcialmente nublado.<\/p>\n","protected":false},"excerpt":{"rendered":"<p>O Carnaval para a maioria dos mineiros ser\u00e1 embaixo de chuva, segundo o Centro de Climatologia TempoClima Puc Minas. Desta sexta-feira (28) at\u00e9 domingo (2) a previs\u00e3o \u00e9 de chuva para o Sul de Minas, Zona da Mata, Tri\u00e2ngulo Mineiro, regi\u00e3o Central e para Belo Horizonte. Nas demais regi\u00f5es de Minas, o tempo fica parcialmente [&hellip;]<\/p>\n","protected":false},"author":1,"featured_media":22578,"comment_status":"open","ping_status":"closed","sticky":false,"template":"","format":"standard","meta":{"amp_status":"","footnotes":""},"categories":[123],"tags":[3649,4986],"class_list":["post-22577","post","type-post","status-publish","format-standard","has-post-thumbnail","hentry","category-gerais","tag-carnaval-2014","tag-carnaval-sera-com-chuva-nos-principais-destinos-dos-mineiros"],"_links":{"self":[{"href":"https:\/\/aconteceunovale.com.br\/portal\/index.php?rest_route=\/wp\/v2\/posts\/22577","targetHints":{"allow":["GET"]}}],"collection":[{"href":"https:\/\/aconteceunovale.com.br\/portal\/index.php?rest_route=\/wp\/v2\/posts"}],"about":[{"href":"https:\/\/aconteceunovale.com.br\/portal\/index.php?rest_route=\/wp\/v2\/types\/post"}],"author":[{"embeddable":true,"href":"https:\/\/aconteceunovale.com.br\/portal\/index.php?rest_route=\/wp\/v2\/users\/1"}],"replies":[{"embeddable":true,"href":"https:\/\/aconteceunovale.com.br\/portal\/index.php?rest_route=%2Fwp%2Fv2%2Fcomments&post=22577"}],"version-history":[{"count":0,"href":"https:\/\/aconteceunovale.com.br\/portal\/index.php?rest_route=\/wp\/v2\/posts\/22577\/revisions"}],"wp:featuredmedia":[{"embeddable":true,"href":"https:\/\/aconteceunovale.com.br\/portal\/index.php?rest_route=\/wp\/v2\/media\/22578"}],"wp:attachment":[{"href":"https:\/\/aconteceunovale.com.br\/portal\/index.php?rest_route=%2Fwp%2Fv2%2Fmedia&parent=22577"}],"wp:term":[{"taxonomy":"category","embeddable":true,"href":"https:\/\/aconteceunovale.com.br\/portal\/index.php?rest_route=%2Fwp%2Fv2%2Fcategories&post=22577"},{"taxonomy":"post_tag","embeddable":true,"href":"https:\/\/aconteceunovale.com.br\/portal\/index.php?rest_route=%2Fwp%2Fv2%2Ftags&post=22577"}],"curies":[{"name":"wp","href":"https:\/\/api.w.org\/{rel}","templated":true}]}}