{"id":22455,"date":"2014-02-26T18:29:48","date_gmt":"2014-02-26T21:29:48","guid":{"rendered":"http:\/\/aconteceunovale.com.br\/portal\/?p=22455"},"modified":"2014-02-26T19:19:26","modified_gmt":"2014-02-26T22:19:26","slug":"governo-renova-convenio-do-leite-pela-vida-para-atender-norte-e-nordeste-de-minas","status":"publish","type":"post","link":"https:\/\/aconteceunovale.com.br\/portal\/?p=22455","title":{"rendered":"Governo renova conv\u00eanio do Leite pela Vida para atender Norte e Nordeste de Minas"},"content":{"rendered":"<p>A Secretaria de Estado de Desenvolvimento e Integra\u00e7\u00e3o do Norte e Nordeste de Minas Gerais (Sedinor) realizou, nesta quarta-feira (26), na Cidade Administrativa, em Belo Horizonte, reuni\u00e3o t\u00e9cnica com representantes dos 30 pequenas beneficiadoras que participam do Programa Leite Fome Zero \u2013 Um Leite pela Vida.<\/p>\n<p>Sob coordena\u00e7\u00e3o do secret\u00e1rio da Sedinor, Gil Pereira, o foco central do encontro foi a renova\u00e7\u00e3o do conv\u00eanio do programa, que distribui leite para fam\u00edlias carentes nas regi\u00f5es Norte de Nordeste de Minas, por meio de parceria entre o Governo do Estado e o Minist\u00e9rio do Desenvolvimento Social.<\/p>\n<p><img decoding=\"async\" src=\"http:\/\/aconteceunovale.com.br\/portal\/wp-content\/uploads\/2014\/02\/governo-renova-convenio-do-leite-pela-vida-para-atender-norte-e-nordeste-de-minas.jpg\" alt=\"\" \/><br \/>\n<em>(Secret\u00e1rio Gil Pereira coordenou a reuni\u00e3o com beneficiadoras de leite &#8211; Foto: Divulga\u00e7\u00e3o\/Sedinor)<\/em><\/p>\n<p><strong>Contratos<\/strong><\/p>\n<p>Ao assinarem a documenta\u00e7\u00e3o junto \u00e0 Sedinor, referente aos novos contratos, os representantes das beneficiadoras receberam a informa\u00e7\u00e3o de que a cota di\u00e1ria de distribui\u00e7\u00e3o nos 193 munic\u00edpios atendidos ser\u00e1 de 138 mil litros de leite. Tamb\u00e9m foram informados quanto aos ajustes de rotas necess\u00e1rios nessa nova etapa do Leite pela Vida. \u201cO novo conv\u00eanio tem valor total de aproximadamente R$ 150 milh\u00f5es e vig\u00eancia de 19 meses\u201d, explicou o secret\u00e1rio Gil Pereira.<\/p>\n<p>Os benefici\u00e1rios do Programa Leite pela Vida s\u00e3o crian\u00e7as de 2 a 7 anos de idade, idosos, gestantes e nutrizes, al\u00e9m de associa\u00e7\u00f5es socioassistenciais. Em Montes Claros, o Instituto de Desenvolvimento do Norte e Nordeste de Minas Gerais (Idene), bra\u00e7o operacional da Sedinor, vem testando com sucesso, desde outubro de 2013, a utiliza\u00e7\u00e3o de cart\u00e3o magn\u00e9tico para gerenciamento da distribui\u00e7\u00e3o de leite pelo programa.<\/p>\n<p>A princ\u00edpio com o uso por 2 mil pessoas em Montes Claros, j\u00e1 se provou, entre os resultados, a melhora da gest\u00e3o operacional com informa\u00e7\u00f5es em tempo real acompanhadas via web por gestores do programa em Belo Horizonte. Isso tem permitido a agilidade na tomada de decis\u00f5es, de forma a aprimorar a presta\u00e7\u00e3o de servi\u00e7os \u00e0 popula\u00e7\u00e3o atendida.<\/p>\n","protected":false},"excerpt":{"rendered":"<p>A Secretaria de Estado de Desenvolvimento e Integra\u00e7\u00e3o do Norte e Nordeste de Minas Gerais (Sedinor) realizou, nesta quarta-feira (26), na Cidade Administrativa, em Belo Horizonte, reuni\u00e3o t\u00e9cnica com representantes dos 30 pequenas beneficiadoras que participam do Programa Leite Fome Zero \u2013 Um Leite pela Vida. Sob coordena\u00e7\u00e3o do secret\u00e1rio da Sedinor, Gil Pereira, o [&hellip;]<\/p>\n","protected":false},"author":1,"featured_media":22456,"comment_status":"open","ping_status":"closed","sticky":false,"template":"","format":"standard","meta":{"amp_status":"","footnotes":""},"categories":[123],"tags":[1018,4924,2048,977],"class_list":["post-22455","post","type-post","status-publish","format-standard","has-post-thumbnail","hentry","category-gerais","tag-destaque","tag-governo-renova-convenio-do-leite-pela-vida-para-atender-norte-e-nordeste-de-minas","tag-leite-pela-vida","tag-programa-leite-pela-vida"],"_links":{"self":[{"href":"https:\/\/aconteceunovale.com.br\/portal\/index.php?rest_route=\/wp\/v2\/posts\/22455","targetHints":{"allow":["GET"]}}],"collection":[{"href":"https:\/\/aconteceunovale.com.br\/portal\/index.php?rest_route=\/wp\/v2\/posts"}],"about":[{"href":"https:\/\/aconteceunovale.com.br\/portal\/index.php?rest_route=\/wp\/v2\/types\/post"}],"author":[{"embeddable":true,"href":"https:\/\/aconteceunovale.com.br\/portal\/index.php?rest_route=\/wp\/v2\/users\/1"}],"replies":[{"embeddable":true,"href":"https:\/\/aconteceunovale.com.br\/portal\/index.php?rest_route=%2Fwp%2Fv2%2Fcomments&post=22455"}],"version-history":[{"count":0,"href":"https:\/\/aconteceunovale.com.br\/portal\/index.php?rest_route=\/wp\/v2\/posts\/22455\/revisions"}],"wp:featuredmedia":[{"embeddable":true,"href":"https:\/\/aconteceunovale.com.br\/portal\/index.php?rest_route=\/wp\/v2\/media\/22456"}],"wp:attachment":[{"href":"https:\/\/aconteceunovale.com.br\/portal\/index.php?rest_route=%2Fwp%2Fv2%2Fmedia&parent=22455"}],"wp:term":[{"taxonomy":"category","embeddable":true,"href":"https:\/\/aconteceunovale.com.br\/portal\/index.php?rest_route=%2Fwp%2Fv2%2Fcategories&post=22455"},{"taxonomy":"post_tag","embeddable":true,"href":"https:\/\/aconteceunovale.com.br\/portal\/index.php?rest_route=%2Fwp%2Fv2%2Ftags&post=22455"}],"curies":[{"name":"wp","href":"https:\/\/api.w.org\/{rel}","templated":true}]}}