{"id":22451,"date":"2014-02-26T14:13:21","date_gmt":"2014-02-26T17:13:21","guid":{"rendered":"http:\/\/aconteceunovale.com.br\/portal\/?p=22451"},"modified":"2014-02-26T14:13:21","modified_gmt":"2014-02-26T17:13:21","slug":"motorista-perde-controle-de-veiculo-e-cai-em-valeta-em-almenara","status":"publish","type":"post","link":"https:\/\/aconteceunovale.com.br\/portal\/?p=22451","title":{"rendered":"Motorista perde controle de ve\u00edculo e cai em valeta em Almenara"},"content":{"rendered":"<p>Um veiculo caiu em uma valeta na Rua Exuperio Cangussu, na manh\u00e3 desta quarta-feira (26\/02), na cidade de Almenara\/MG. De acordo com informa\u00e7\u00f5es, o motorista perdeu o controle do ve\u00edculo quando tentava segurar uma marmita que estava no banco do passageiro. <\/p>\n<p><img decoding=\"async\" src=\"http:\/\/aconteceunovale.com.br\/portal\/wp-content\/uploads\/2014\/02\/carro_cai_valeta_almenara_26_02_2.jpg\" alt=\"\" \/><\/p>\n<p>Enquanto dirigia, a marmita virou no banco e em quest\u00e3o de segundos ele perdeu o controle do carro, caindo na valeta que escoa \u00e1gua pluvial de terrenos na localidade. Por pouco o carro n\u00e3o bateu de frente com o muro da empresa Topel.<\/p>\n<p>O motorista n\u00e3o ficou ferido.<\/p>\n<p><img decoding=\"async\" src=\"http:\/\/aconteceunovale.com.br\/portal\/wp-content\/uploads\/2014\/02\/carro_cai_valeta_almenara_26_02_1.jpg\" alt=\"\" \/><\/p>\n<p><em>(Foto e informa\u00e7\u00f5es do Di\u00e1rio do Jequi)<\/em><\/p>\n","protected":false},"excerpt":{"rendered":"<p>Um veiculo caiu em uma valeta na Rua Exuperio Cangussu, na manh\u00e3 desta quarta-feira (26\/02), na cidade de Almenara\/MG. De acordo com informa\u00e7\u00f5es, o motorista perdeu o controle do ve\u00edculo quando tentava segurar uma marmita que estava no banco do passageiro. Enquanto dirigia, a marmita virou no banco e em quest\u00e3o de segundos ele perdeu [&hellip;]<\/p>\n","protected":false},"author":1,"featured_media":22452,"comment_status":"open","ping_status":"closed","sticky":false,"template":"","format":"standard","meta":{"amp_status":"","footnotes":""},"categories":[120],"tags":[142,4923],"class_list":["post-22451","post","type-post","status-publish","format-standard","has-post-thumbnail","hentry","category-jequi","tag-almenara","tag-motorista-perde-controle-de-veiculo-e-cai-em-valeta-em-almenara"],"_links":{"self":[{"href":"https:\/\/aconteceunovale.com.br\/portal\/index.php?rest_route=\/wp\/v2\/posts\/22451","targetHints":{"allow":["GET"]}}],"collection":[{"href":"https:\/\/aconteceunovale.com.br\/portal\/index.php?rest_route=\/wp\/v2\/posts"}],"about":[{"href":"https:\/\/aconteceunovale.com.br\/portal\/index.php?rest_route=\/wp\/v2\/types\/post"}],"author":[{"embeddable":true,"href":"https:\/\/aconteceunovale.com.br\/portal\/index.php?rest_route=\/wp\/v2\/users\/1"}],"replies":[{"embeddable":true,"href":"https:\/\/aconteceunovale.com.br\/portal\/index.php?rest_route=%2Fwp%2Fv2%2Fcomments&post=22451"}],"version-history":[{"count":0,"href":"https:\/\/aconteceunovale.com.br\/portal\/index.php?rest_route=\/wp\/v2\/posts\/22451\/revisions"}],"wp:featuredmedia":[{"embeddable":true,"href":"https:\/\/aconteceunovale.com.br\/portal\/index.php?rest_route=\/wp\/v2\/media\/22452"}],"wp:attachment":[{"href":"https:\/\/aconteceunovale.com.br\/portal\/index.php?rest_route=%2Fwp%2Fv2%2Fmedia&parent=22451"}],"wp:term":[{"taxonomy":"category","embeddable":true,"href":"https:\/\/aconteceunovale.com.br\/portal\/index.php?rest_route=%2Fwp%2Fv2%2Fcategories&post=22451"},{"taxonomy":"post_tag","embeddable":true,"href":"https:\/\/aconteceunovale.com.br\/portal\/index.php?rest_route=%2Fwp%2Fv2%2Ftags&post=22451"}],"curies":[{"name":"wp","href":"https:\/\/api.w.org\/{rel}","templated":true}]}}