{"id":22376,"date":"2014-02-25T15:09:10","date_gmt":"2014-02-25T18:09:10","guid":{"rendered":"http:\/\/aconteceunovale.com.br\/portal\/?p=22376"},"modified":"2014-02-26T09:03:39","modified_gmt":"2014-02-26T12:03:39","slug":"209-cidades-mineiras-receberao-maquinas-do-pac2-nesta-quarta-feira-em-bh","status":"publish","type":"post","link":"https:\/\/aconteceunovale.com.br\/portal\/?p=22376","title":{"rendered":"209 cidades mineiras receber\u00e3o m\u00e1quinas do PAC2 nesta quarta-feira em Betim"},"content":{"rendered":"<p>Menos de dez dias depois de desembarcar em Governador Valadares, no Leste de Minas, a presidente Dilma Rousseff (PT) volta ao estado, nesta quarta-feira (26). Ela vai participar de solenidade, em Betim, na Regi\u00e3o Metropolitana de Belo Horizonte, para a  entrega de 226 m\u00e1quinas (confira a lista ao lado) a 209 munic\u00edpios de todas as regi\u00f5es do estado. A assessoria de imprensa do pr\u00e9-candidato petista ao governo de Minas, Fernando Pimentel, confirmou que o ex-ministro estar\u00e1 ao lado de Dilma no evento.<\/p>\n<p><img decoding=\"async\" src=\"http:\/\/aconteceunovale.com.br\/portal\/wp-content\/uploads\/2014\/01\/maquinas_pac_2_24_3.jpg\" alt=\"\" \/><br \/>\n<em>(Foto: Divulga\u00e7\u00e3o)<\/em><\/p>\n<p>De acordo com informa\u00e7\u00f5es do Minist\u00e9rio do Desenvolvimento Agr\u00e1rio, ser\u00e3o entregues m\u00e1quinas aos munic\u00edpios para constru\u00e7\u00e3o de obras de infraestrutura h\u00eddrica,  armazenamento de \u00e1gua e  recupera\u00e7\u00e3o e abertura de estradas vicinais. O investimento total informado pelo minist\u00e9rio \u00e9 de R$ 67,5 milh\u00f5es para a aquisi\u00e7\u00e3o de 64 motoniveladoras, 138 caminh\u00f5es-ca\u00e7amba e 24 caminh\u00f5es-pipa.<\/p>\n<p><strong>Confira a lista dos 209 munic\u00edpios beneficiados<\/strong><\/p>\n<p><img decoding=\"async\" src=\"http:\/\/aconteceunovale.com.br\/portal\/wp-content\/uploads\/2014\/02\/arte_cidades_pac_2_26_2.jpg\" alt=\"\" \/><br \/>\n<em>(Arte: Estado de Minas)<\/em><\/p>\n","protected":false},"excerpt":{"rendered":"<p>Menos de dez dias depois de desembarcar em Governador Valadares, no Leste de Minas, a presidente Dilma Rousseff (PT) volta ao estado, nesta quarta-feira (26). Ela vai participar de solenidade, em Betim, na Regi\u00e3o Metropolitana de Belo Horizonte, para a entrega de 226 m\u00e1quinas (confira a lista ao lado) a 209 munic\u00edpios de todas as [&hellip;]<\/p>\n","protected":false},"author":1,"featured_media":19274,"comment_status":"open","ping_status":"closed","sticky":false,"template":"","format":"standard","meta":{"amp_status":"","footnotes":""},"categories":[123],"tags":[4893,4887,130,1536,186,551,353,1107,132,4890,490,557,660,481,4888,281,1715,3279,136,3136,2998,1704,188,391,189,408,475,4891,2236,389,410,4889,252,175,3723,3139,4892,1797,1774,445,310,409,927,1609,1719,699,3352,783,1810,1675,916,482],"class_list":["post-22376","post","type-post","status-publish","format-standard","has-post-thumbnail","hentry","category-gerais","tag-209-cidades-mineiras-receberao-maquinas-do-pac2-nesta-quarta-feira-em-betim","tag-209-cidades-mineiras-receberao-maquinas-do-pac2-nesta-quarta-feira-em-bh","tag-agua-boa","tag-aguas-formosas","tag-aracuai","tag-aricanduva","tag-bandeira","tag-cachoeira-do-pajeu","tag-capelinha","tag-capitolio","tag-carai","tag-carbonita","tag-catuji","tag-chapada-do-norte","tag-cidades-do-vale-do-jequitinhonha","tag-coluna","tag-cristalia","tag-datas","tag-felisburgo","tag-frei-gaspar","tag-gouveia","tag-ibiracatu","tag-itambacuri","tag-itaobim","tag-itinga","tag-jacinto","tag-jordania","tag-luisburgo","tag-machacalis","tag-medina","tag-monte-formoso","tag-mucuri-e-do-norte-de-minas-receberao-maquinas-do-pac-2-nesta-quarta-feira-em-bh","tag-nanuque","tag-novo-cruzeiro","tag-pedras-de-maria-da-cruz","tag-pote","tag-presidente-juscelino","tag-riachinho","tag-rio-doce","tag-rio-vermelho","tag-sabinopolis","tag-salto-da-divisa","tag-santa-cruz-de-salinas","tag-santa-juliana","tag-santa-margarida","tag-santa-maria-do-salto","tag-santo-antonio-do-retiro","tag-sao-goncalo-do-rio-preto","tag-sao-joao-das-missoes","tag-sao-joao-do-manteninha","tag-veredinha","tag-virgem-da-lapa"],"_links":{"self":[{"href":"https:\/\/aconteceunovale.com.br\/portal\/index.php?rest_route=\/wp\/v2\/posts\/22376","targetHints":{"allow":["GET"]}}],"collection":[{"href":"https:\/\/aconteceunovale.com.br\/portal\/index.php?rest_route=\/wp\/v2\/posts"}],"about":[{"href":"https:\/\/aconteceunovale.com.br\/portal\/index.php?rest_route=\/wp\/v2\/types\/post"}],"author":[{"embeddable":true,"href":"https:\/\/aconteceunovale.com.br\/portal\/index.php?rest_route=\/wp\/v2\/users\/1"}],"replies":[{"embeddable":true,"href":"https:\/\/aconteceunovale.com.br\/portal\/index.php?rest_route=%2Fwp%2Fv2%2Fcomments&post=22376"}],"version-history":[{"count":0,"href":"https:\/\/aconteceunovale.com.br\/portal\/index.php?rest_route=\/wp\/v2\/posts\/22376\/revisions"}],"wp:featuredmedia":[{"embeddable":true,"href":"https:\/\/aconteceunovale.com.br\/portal\/index.php?rest_route=\/wp\/v2\/media\/19274"}],"wp:attachment":[{"href":"https:\/\/aconteceunovale.com.br\/portal\/index.php?rest_route=%2Fwp%2Fv2%2Fmedia&parent=22376"}],"wp:term":[{"taxonomy":"category","embeddable":true,"href":"https:\/\/aconteceunovale.com.br\/portal\/index.php?rest_route=%2Fwp%2Fv2%2Fcategories&post=22376"},{"taxonomy":"post_tag","embeddable":true,"href":"https:\/\/aconteceunovale.com.br\/portal\/index.php?rest_route=%2Fwp%2Fv2%2Ftags&post=22376"}],"curies":[{"name":"wp","href":"https:\/\/api.w.org\/{rel}","templated":true}]}}