{"id":22344,"date":"2014-02-25T13:45:12","date_gmt":"2014-02-25T16:45:12","guid":{"rendered":"http:\/\/aconteceunovale.com.br\/portal\/?p=22344"},"modified":"2014-02-25T13:45:12","modified_gmt":"2014-02-25T16:45:12","slug":"sindicalistas-em-greve-protestam-em-frente-a-prefeitura-de-almenara","status":"publish","type":"post","link":"https:\/\/aconteceunovale.com.br\/portal\/?p=22344","title":{"rendered":"Sindicalistas em greve protestam em frente \u00e0 prefeitura de Almenara"},"content":{"rendered":"<p>Servidores p\u00fablicos filiados ao SINDISPAL (Sindicato dos Servidores P\u00fablicos Municipais de Almenara) est\u00e3o em greve e protestam por melhorias salariais, fazendo frente \u00e0 luta pelos direitos dos servidores p\u00fablicos da cidade.<\/p>\n<p><img decoding=\"async\" src=\"http:\/\/aconteceunovale.com.br\/portal\/wp-content\/uploads\/2014\/02\/greve_servidores_almenara_2.jpg\" alt=\"\" \/><\/p>\n<p>Os protestantes est\u00e3o reivindicando reajuste salarial e regulariza\u00e7\u00e3o na data do pagamento dos sal\u00e1rios para o 5\u00ba dia \u00fatil do m\u00eas.<\/p>\n<p>As ruas da cidade de Almenara t\u00eam sido palco da luta por direitos trabalhistas e povoada por manifestantes, vestidos de preto e munidos de cartazes, apitos e consci\u00eancia coletiva.<\/p>\n<p>Ap\u00f3s passeata o grupo permaneceu em frente ao pr\u00e9dio Sede da Prefeitura durante a manh\u00e3 desta ter\u00e7a feira (25\/02).<\/p>\n<p><img decoding=\"async\" src=\"http:\/\/aconteceunovale.com.br\/portal\/wp-content\/uploads\/2014\/02\/greve_servidores_almenara_1.jpg\" alt=\"\" \/><\/p>\n<p><img decoding=\"async\" src=\"http:\/\/aconteceunovale.com.br\/portal\/wp-content\/uploads\/2014\/02\/greve_servidores_almenara_3.jpg\" alt=\"\" \/><\/p>\n<p><img decoding=\"async\" src=\"http:\/\/aconteceunovale.com.br\/portal\/wp-content\/uploads\/2014\/02\/greve_servidores_almenara_4.jpg\" alt=\"\" \/><\/p>\n<p><strong>(Foto e informa\u00e7\u00f5es do Di\u00e1rio do Jequi)<\/strong><\/p>\n","protected":false},"excerpt":{"rendered":"<p>Servidores p\u00fablicos filiados ao SINDISPAL (Sindicato dos Servidores P\u00fablicos Municipais de Almenara) est\u00e3o em greve e protestam por melhorias salariais, fazendo frente \u00e0 luta pelos direitos dos servidores p\u00fablicos da cidade. Os protestantes est\u00e3o reivindicando reajuste salarial e regulariza\u00e7\u00e3o na data do pagamento dos sal\u00e1rios para o 5\u00ba dia \u00fatil do m\u00eas. As ruas da [&hellip;]<\/p>\n","protected":false},"author":1,"featured_media":22348,"comment_status":"open","ping_status":"closed","sticky":false,"template":"","format":"standard","meta":{"amp_status":"","footnotes":""},"categories":[120],"tags":[142,4874],"class_list":["post-22344","post","type-post","status-publish","format-standard","has-post-thumbnail","hentry","category-jequi","tag-almenara","tag-sindicalistas-em-greve-protestam-em-frente-a-prefeitura-de-almenara"],"_links":{"self":[{"href":"https:\/\/aconteceunovale.com.br\/portal\/index.php?rest_route=\/wp\/v2\/posts\/22344","targetHints":{"allow":["GET"]}}],"collection":[{"href":"https:\/\/aconteceunovale.com.br\/portal\/index.php?rest_route=\/wp\/v2\/posts"}],"about":[{"href":"https:\/\/aconteceunovale.com.br\/portal\/index.php?rest_route=\/wp\/v2\/types\/post"}],"author":[{"embeddable":true,"href":"https:\/\/aconteceunovale.com.br\/portal\/index.php?rest_route=\/wp\/v2\/users\/1"}],"replies":[{"embeddable":true,"href":"https:\/\/aconteceunovale.com.br\/portal\/index.php?rest_route=%2Fwp%2Fv2%2Fcomments&post=22344"}],"version-history":[{"count":0,"href":"https:\/\/aconteceunovale.com.br\/portal\/index.php?rest_route=\/wp\/v2\/posts\/22344\/revisions"}],"wp:featuredmedia":[{"embeddable":true,"href":"https:\/\/aconteceunovale.com.br\/portal\/index.php?rest_route=\/wp\/v2\/media\/22348"}],"wp:attachment":[{"href":"https:\/\/aconteceunovale.com.br\/portal\/index.php?rest_route=%2Fwp%2Fv2%2Fmedia&parent=22344"}],"wp:term":[{"taxonomy":"category","embeddable":true,"href":"https:\/\/aconteceunovale.com.br\/portal\/index.php?rest_route=%2Fwp%2Fv2%2Fcategories&post=22344"},{"taxonomy":"post_tag","embeddable":true,"href":"https:\/\/aconteceunovale.com.br\/portal\/index.php?rest_route=%2Fwp%2Fv2%2Ftags&post=22344"}],"curies":[{"name":"wp","href":"https:\/\/api.w.org\/{rel}","templated":true}]}}