{"id":22341,"date":"2014-02-25T13:39:45","date_gmt":"2014-02-25T16:39:45","guid":{"rendered":"http:\/\/aconteceunovale.com.br\/portal\/?p=22341"},"modified":"2014-02-25T13:39:45","modified_gmt":"2014-02-25T16:39:45","slug":"novo-vereador-assume-vaga-na-camara-municipal-de-guanhaes","status":"publish","type":"post","link":"https:\/\/aconteceunovale.com.br\/portal\/?p=22341","title":{"rendered":"Novo vereador assume vaga na c\u00e2mara municipal de Guanh\u00e3es"},"content":{"rendered":"<p>Tomou posse na C\u00e2mara Municipal nessa segunda-feira, 24 de fevereiro, o mais novo vereador de Guanh\u00e3es, Nelci Pereira Chaves (Nelci da Motovec). Ele assumiu no lugar de Dermeval de Pinho, que por sua vez, assumiu a Secretaria de Transportes. Ainda na reuni\u00e3o, recebeu o t\u00edtulo de cidad\u00e3o honor\u00e1rio o Juiz de Direito Dr. Luiz Fl\u00e1vio Ferreira, que est\u00e1 em Guanh\u00e3es desde 2010 e, neste m\u00eas, ir\u00e1 se transferir para Ipatinga.<\/p>\n<p><img decoding=\"async\" src=\"http:\/\/aconteceunovale.com.br\/portal\/wp-content\/uploads\/2014\/02\/nelci_da_motovec_guanhaes.jpg\" alt=\"\" \/><br \/>\n<em>(Nelci da Motovec &#8211; Foto: Divulga\u00e7\u00e3o)<\/em><\/p>\n<p>A sess\u00e3o come\u00e7ou com o presidente Nivaldo dos Santos pedindo um minuto de sil\u00eancio em homenagem \u00e0 Geralda Gomes Fid\u00e9lis, m\u00e3e do vereador Osmar Gomes Fid\u00e9lis, e que faleceu h\u00e1 dez dias. Osmar, inclusive, desmentiu o boato de que n\u00e3o havia conseguido uma Unidade de Terapia Intensiva (UTI) para conduzir sua m\u00e3e \u00e0 cidade de Governador Valadares antes de seu falecimento. Ele disse que \u201cficou sim muito chateado\u201d pois, ligara para o secret\u00e1rio de sa\u00fade de Guanh\u00e3es, Jos\u00e9 Geraldo Ventura (Dezinho) solicitando a UTI e ouviu como resposta a seguinte frase: \u201cvereador, \u00e9 claro que eu vou lhe ajudar, mas o prefeito, Geraldo Jos\u00e9 Pereira (Ladinho) disse que \u00e9 para fechar as portas para todos que votaram contra a taxa de lixo\u201d.<\/p>\n<p>De acordo com Osmar, sua maior decep\u00e7\u00e3o foi ouvir tal frase num momento t\u00e3o triste de sua vida. Ele disse tamb\u00e9m que n\u00e3o acredita que o prefeito iria neg\u00e1-lo tal ajuda, pois ele nem mesmo sabia que sua m\u00e3e estava doente. Muitos vereadores se mostraram revoltados com a declara\u00e7\u00e3o do secret\u00e1rio de sa\u00fade. Eles, inclusive, solicitaram ao presidente da C\u00e2mara que enviasse um requerimento ao representante da pasta para prestar esclarecimentos sobre a poss\u00edvel perda da Unidade de Pronto Atendimento (UPA), que corre o risco de n\u00e3o mais ser instalada em Guanh\u00e3es.<\/p>\n<p>Nivaldo dos Santos anunciou no final da reuni\u00e3o que, nesta ter\u00e7a-feira, ser\u00e1 enviado um requerimento \u00e0 Ag\u00eancia Nacional de Telecomunica\u00e7\u00f5es (ANATEL) e \u00e0 Oi pedindo esclarecimentos sobre o mal funcionamento da telefonia m\u00f3vel em Guanh\u00e3es.<\/p>\n<p>Deram entrada seis Projetos de Lei, s\u00e3o eles o Projeto 03\/2014 que autoriza a renumera\u00e7\u00e3o de leis complementares, o Projeto 05\/2014, que cria o Programa de Regulariza\u00e7\u00e3o Fundi\u00e1ria Urbano do Munic\u00edpio de Guanh\u00e3es, o Projeto 06\/2014, que autoriza o poder executivo municipal a realizar o pagamento do 13\u00ba sal\u00e1rio ao servidor p\u00fablico no dia de seu anivers\u00e1rio, o Projeto 07\/2014, de altera\u00e7\u00e3o de lei, o Projeto 08\/2014, que autoriza o poder executivo municipal a celebrar conv\u00eanio, inclusive de repasse financeiro, com a Escola Profissional Irm\u00e3 Luiza, da cidade de Diamantina, e o Projeto 09\/2014, que disp\u00f5e sobre a atualiza\u00e7\u00e3o do Plano Plurianual para o quadri\u00eanio 204\/2017.<\/p>\n<p><strong>(Vida Nova FM)<\/strong><\/p>\n","protected":false},"excerpt":{"rendered":"<p>Tomou posse na C\u00e2mara Municipal nessa segunda-feira, 24 de fevereiro, o mais novo vereador de Guanh\u00e3es, Nelci Pereira Chaves (Nelci da Motovec). Ele assumiu no lugar de Dermeval de Pinho, que por sua vez, assumiu a Secretaria de Transportes. Ainda na reuni\u00e3o, recebeu o t\u00edtulo de cidad\u00e3o honor\u00e1rio o Juiz de Direito Dr. Luiz Fl\u00e1vio [&hellip;]<\/p>\n","protected":false},"author":1,"featured_media":22342,"comment_status":"open","ping_status":"closed","sticky":false,"template":"","format":"standard","meta":{"amp_status":"","footnotes":""},"categories":[121],"tags":[155,4873],"class_list":["post-22341","post","type-post","status-publish","format-standard","has-post-thumbnail","hentry","category-leste","tag-guanhaes","tag-novo-vereador-assume-vaga-na-camara-municipal-de-guanhaes"],"_links":{"self":[{"href":"https:\/\/aconteceunovale.com.br\/portal\/index.php?rest_route=\/wp\/v2\/posts\/22341","targetHints":{"allow":["GET"]}}],"collection":[{"href":"https:\/\/aconteceunovale.com.br\/portal\/index.php?rest_route=\/wp\/v2\/posts"}],"about":[{"href":"https:\/\/aconteceunovale.com.br\/portal\/index.php?rest_route=\/wp\/v2\/types\/post"}],"author":[{"embeddable":true,"href":"https:\/\/aconteceunovale.com.br\/portal\/index.php?rest_route=\/wp\/v2\/users\/1"}],"replies":[{"embeddable":true,"href":"https:\/\/aconteceunovale.com.br\/portal\/index.php?rest_route=%2Fwp%2Fv2%2Fcomments&post=22341"}],"version-history":[{"count":0,"href":"https:\/\/aconteceunovale.com.br\/portal\/index.php?rest_route=\/wp\/v2\/posts\/22341\/revisions"}],"wp:featuredmedia":[{"embeddable":true,"href":"https:\/\/aconteceunovale.com.br\/portal\/index.php?rest_route=\/wp\/v2\/media\/22342"}],"wp:attachment":[{"href":"https:\/\/aconteceunovale.com.br\/portal\/index.php?rest_route=%2Fwp%2Fv2%2Fmedia&parent=22341"}],"wp:term":[{"taxonomy":"category","embeddable":true,"href":"https:\/\/aconteceunovale.com.br\/portal\/index.php?rest_route=%2Fwp%2Fv2%2Fcategories&post=22341"},{"taxonomy":"post_tag","embeddable":true,"href":"https:\/\/aconteceunovale.com.br\/portal\/index.php?rest_route=%2Fwp%2Fv2%2Ftags&post=22341"}],"curies":[{"name":"wp","href":"https:\/\/api.w.org\/{rel}","templated":true}]}}