{"id":22338,"date":"2014-02-25T13:26:05","date_gmt":"2014-02-25T16:26:05","guid":{"rendered":"http:\/\/aconteceunovale.com.br\/portal\/?p=22338"},"modified":"2014-02-25T13:26:05","modified_gmt":"2014-02-25T16:26:05","slug":"secretaria-de-educacao-inaugura-obra-em-escola-estadual-de-itaobim","status":"publish","type":"post","link":"https:\/\/aconteceunovale.com.br\/portal\/?p=22338","title":{"rendered":"Secretaria de Educa\u00e7\u00e3o inaugura obra em escola estadual de Itaobim"},"content":{"rendered":"<p>Com cerca de 25 mil habitantes, o munic\u00edpio de Itaobim, no Vale do Jequitinhonha, come\u00e7a a semana com a educa\u00e7\u00e3o em destaque. Na manh\u00e3 desta segunda-feira (24), foi realizada a inaugura\u00e7\u00e3o da obra de reforma da Escola Estadual Professora Deys Lopes Jardim. Com um investimento de R$ 140.509,49, a interven\u00e7\u00e3o vai beneficiar o atendimento de cerca de 400 alunos do ensino fundamental.<\/p>\n<p><img decoding=\"async\" src=\"http:\/\/aconteceunovale.com.br\/portal\/wp-content\/uploads\/2014\/02\/secretaria-de-educacao-inaugura-obra-em-escola-estadual-do-vale-do-jequitinhonha.jpg\" alt=\"\" \/><br \/>\n<em><strong>Escola Estadual Professora Deys Lopes Jardim, em Itaobim, recebeu diversas melhorias<\/strong><\/em><\/p>\n<p>Entre as interven\u00e7\u00f5es realizadas na rede f\u00edsica da escola est\u00e3o a reforma da rede hidr\u00e1ulica, de parte da rede el\u00e9trica, dos banheiros, a constru\u00e7\u00e3o de uma rampa de acessibilidade, a constru\u00e7\u00e3o de um muro para separar a quadra poliesportiva das salas de aula e a pintura de todo o pr\u00e9dio. \u201cTodas as salas de aula ganharam ventiladores de parede. Tamb\u00e9m houve cal\u00e7amento no entorno da escola\u201d, complementa o diretor da institui\u00e7\u00e3o, Jos\u00e9 Welyton Oliveira.<\/p>\n<p>O gestor da escola explica ainda que as obras realizadas foram bem recebidas pela comunidade escola. \u201cAs pessoas gostaram muito. A comunidade viu que, com a reforma, a escola tem condi\u00e7\u00f5es de realizar um melhor atendimento aos estudantes\u201d, conclui Jos\u00e9 Welyton.<\/p>\n","protected":false},"excerpt":{"rendered":"<p>Com cerca de 25 mil habitantes, o munic\u00edpio de Itaobim, no Vale do Jequitinhonha, come\u00e7a a semana com a educa\u00e7\u00e3o em destaque. Na manh\u00e3 desta segunda-feira (24), foi realizada a inaugura\u00e7\u00e3o da obra de reforma da Escola Estadual Professora Deys Lopes Jardim. Com um investimento de R$ 140.509,49, a interven\u00e7\u00e3o vai beneficiar o atendimento de [&hellip;]<\/p>\n","protected":false},"author":1,"featured_media":22339,"comment_status":"open","ping_status":"closed","sticky":false,"template":"","format":"standard","meta":{"amp_status":"","footnotes":""},"categories":[120],"tags":[4872,391,4871],"class_list":["post-22338","post","type-post","status-publish","format-standard","has-post-thumbnail","hentry","category-jequi","tag-inauguracao-de-obra-na-escola-estadual-professora-deys-lopes-jardim","tag-itaobim","tag-secretaria-de-educacao-inaugura-obra-em-escola-estadual-de-itaobim"],"_links":{"self":[{"href":"https:\/\/aconteceunovale.com.br\/portal\/index.php?rest_route=\/wp\/v2\/posts\/22338","targetHints":{"allow":["GET"]}}],"collection":[{"href":"https:\/\/aconteceunovale.com.br\/portal\/index.php?rest_route=\/wp\/v2\/posts"}],"about":[{"href":"https:\/\/aconteceunovale.com.br\/portal\/index.php?rest_route=\/wp\/v2\/types\/post"}],"author":[{"embeddable":true,"href":"https:\/\/aconteceunovale.com.br\/portal\/index.php?rest_route=\/wp\/v2\/users\/1"}],"replies":[{"embeddable":true,"href":"https:\/\/aconteceunovale.com.br\/portal\/index.php?rest_route=%2Fwp%2Fv2%2Fcomments&post=22338"}],"version-history":[{"count":0,"href":"https:\/\/aconteceunovale.com.br\/portal\/index.php?rest_route=\/wp\/v2\/posts\/22338\/revisions"}],"wp:featuredmedia":[{"embeddable":true,"href":"https:\/\/aconteceunovale.com.br\/portal\/index.php?rest_route=\/wp\/v2\/media\/22339"}],"wp:attachment":[{"href":"https:\/\/aconteceunovale.com.br\/portal\/index.php?rest_route=%2Fwp%2Fv2%2Fmedia&parent=22338"}],"wp:term":[{"taxonomy":"category","embeddable":true,"href":"https:\/\/aconteceunovale.com.br\/portal\/index.php?rest_route=%2Fwp%2Fv2%2Fcategories&post=22338"},{"taxonomy":"post_tag","embeddable":true,"href":"https:\/\/aconteceunovale.com.br\/portal\/index.php?rest_route=%2Fwp%2Fv2%2Ftags&post=22338"}],"curies":[{"name":"wp","href":"https:\/\/api.w.org\/{rel}","templated":true}]}}