{"id":22071,"date":"2014-02-21T22:51:28","date_gmt":"2014-02-22T01:51:28","guid":{"rendered":"http:\/\/aconteceunovale.com.br\/portal\/?p=22071"},"modified":"2014-02-22T11:13:33","modified_gmt":"2014-02-22T14:13:33","slug":"caminhoneiro-de-capelinha-morre-em-acidente-proximo-a-itaipe","status":"publish","type":"post","link":"https:\/\/aconteceunovale.com.br\/portal\/?p=22071","title":{"rendered":"Caminhoneiro morre em acidente pr\u00f3ximo a Itaip\u00e9"},"content":{"rendered":"<p><em><strong>(REDA\u00c7\u00c3O DO ACONTECEU NO VALE, POR GLAYSSON DIAS)<\/strong><\/em><\/p>\n<p>Um caminhoneiro morreu em um grave acidente por volta das 8 horas da noite desta sexta-feira (21\/02), na MG-211, no trecho entre Novo Cruzeiro e Itaip\u00e9. O acidente aconteceu em uma descida conhecida como \u201cDescida do Bicas\u201d.<\/p>\n<p><img decoding=\"async\" src=\"http:\/\/aconteceunovale.com.br\/portal\/wp-content\/uploads\/2014\/02\/acidente_caminhao_itaipe_21_02_02.jpg\" alt=\"\" \/><\/p>\n<p>De acordo com as primeiras informa\u00e7\u00f5es apuradas no local pela reportagem do Aconteceu no Vale, o motorista teria perdido o controle do caminh\u00e3o em uma curva e tombado. O ve\u00edculo placa HHM-1355 de \u00c1gua Boa\/MG ficou totalmente destru\u00eddo e a carga de eucalipto se espalhou pelo local. O motorista viajava sozinho e morreu no local.<\/p>\n<p>Inicialmente a Pol\u00edcia Militar de Itaip\u00e9, informou que a v\u00edtima seria de Capelinha\/MG, no entanto, ap\u00f3s apura\u00e7\u00f5es, foi constatado que na verdade ele apenas trabalhava na madeireira de Capelinha e era natural de Aricanduva, cidade vizinha de Capelinha.<\/p>\n<p>Um caminh\u00e3o reboque de Capelinha foi acionado para virar o caminh\u00e3o. S\u00f3 assim ser\u00e1 poss\u00edvel retirar o corpo da v\u00edtima das ferragens. <\/p>\n<p>Segundo informa\u00e7\u00f5es da Pol\u00edcia Militar, \u00e9 comum acidente com ve\u00edculos de carga no local, a descida \u00e9 extremamente perigosa.<\/p>\n<p><em>ATUALIZA\u00c7\u00c3O<\/em><\/p>\n<p>De acordo com informa\u00e7\u00f5es do Instituto M\u00e9dico Legal de Te\u00f3filo Otoni, a v\u00edtima fatal foi identificada como Cristian Cordeiro Andrade. Ainda segundo o IML, foi constatado que um traumatismo tor\u00e1cico fechado causou a morte da v\u00edtima no local do acidente.<\/p>\n<p><img decoding=\"async\" src=\"http:\/\/aconteceunovale.com.br\/portal\/wp-content\/uploads\/2014\/02\/acidente_caminhao_itaipe_21_02_06.jpg\" alt=\"\" \/><\/p>\n<p><strong>GALERIA DE FOTOS:<\/strong><br \/>\n<em>(Fotos: Davidson lessa)<\/em><\/p>\n<div id='gallery-1' class='gallery galleryid-22071 gallery-columns-3 gallery-size-thumbnail'><figure class='gallery-item'>\n\t\t\t<div class='gallery-icon landscape'>\n\t\t\t\t<a href='https:\/\/aconteceunovale.com.br\/portal\/wp-content\/uploads\/2014\/02\/acidente_caminhao_itaipe_21_02_08.jpg'><img loading=\"lazy\" decoding=\"async\" width=\"150\" height=\"150\" src=\"https:\/\/aconteceunovale.com.br\/portal\/wp-content\/uploads\/2014\/02\/acidente_caminhao_itaipe_21_02_08-150x150.jpg\" class=\"attachment-thumbnail size-thumbnail\" alt=\"\" \/><\/a>\n\t\t\t<\/div><\/figure><figure class='gallery-item'>\n\t\t\t<div class='gallery-icon landscape'>\n\t\t\t\t<a href='https:\/\/aconteceunovale.com.br\/portal\/wp-content\/uploads\/2014\/02\/acidente_caminhao_itaipe_21_02_07.jpg'><img loading=\"lazy\" decoding=\"async\" width=\"150\" height=\"150\" src=\"https:\/\/aconteceunovale.com.br\/portal\/wp-content\/uploads\/2014\/02\/acidente_caminhao_itaipe_21_02_07-150x150.jpg\" class=\"attachment-thumbnail size-thumbnail\" alt=\"\" \/><\/a>\n\t\t\t<\/div><\/figure><figure class='gallery-item'>\n\t\t\t<div class='gallery-icon landscape'>\n\t\t\t\t<a href='https:\/\/aconteceunovale.com.br\/portal\/wp-content\/uploads\/2014\/02\/acidente_caminhao_itaipe_21_02_06.jpg'><img loading=\"lazy\" decoding=\"async\" width=\"150\" height=\"150\" src=\"https:\/\/aconteceunovale.com.br\/portal\/wp-content\/uploads\/2014\/02\/acidente_caminhao_itaipe_21_02_06-150x150.jpg\" class=\"attachment-thumbnail size-thumbnail\" alt=\"\" \/><\/a>\n\t\t\t<\/div><\/figure><figure class='gallery-item'>\n\t\t\t<div class='gallery-icon landscape'>\n\t\t\t\t<a href='https:\/\/aconteceunovale.com.br\/portal\/wp-content\/uploads\/2014\/02\/acidente_caminhao_itaipe_21_02_05.jpg'><img loading=\"lazy\" decoding=\"async\" width=\"150\" height=\"150\" src=\"https:\/\/aconteceunovale.com.br\/portal\/wp-content\/uploads\/2014\/02\/acidente_caminhao_itaipe_21_02_05-150x150.jpg\" class=\"attachment-thumbnail size-thumbnail\" alt=\"\" \/><\/a>\n\t\t\t<\/div><\/figure><figure class='gallery-item'>\n\t\t\t<div class='gallery-icon landscape'>\n\t\t\t\t<a href='https:\/\/aconteceunovale.com.br\/portal\/wp-content\/uploads\/2014\/02\/acidente_caminhao_itaipe_21_02_04.jpg'><img loading=\"lazy\" decoding=\"async\" width=\"150\" height=\"150\" src=\"https:\/\/aconteceunovale.com.br\/portal\/wp-content\/uploads\/2014\/02\/acidente_caminhao_itaipe_21_02_04-150x150.jpg\" class=\"attachment-thumbnail size-thumbnail\" alt=\"\" \/><\/a>\n\t\t\t<\/div><\/figure><figure class='gallery-item'>\n\t\t\t<div class='gallery-icon portrait'>\n\t\t\t\t<a href='https:\/\/aconteceunovale.com.br\/portal\/wp-content\/uploads\/2014\/02\/acidente_caminhao_itaipe_21_02_03.jpg'><img loading=\"lazy\" decoding=\"async\" width=\"150\" height=\"150\" src=\"https:\/\/aconteceunovale.com.br\/portal\/wp-content\/uploads\/2014\/02\/acidente_caminhao_itaipe_21_02_03-150x150.jpg\" class=\"attachment-thumbnail size-thumbnail\" alt=\"\" \/><\/a>\n\t\t\t<\/div><\/figure><figure class='gallery-item'>\n\t\t\t<div class='gallery-icon landscape'>\n\t\t\t\t<a href='https:\/\/aconteceunovale.com.br\/portal\/wp-content\/uploads\/2014\/02\/acidente_caminhao_itaipe_21_02_02.jpg'><img loading=\"lazy\" decoding=\"async\" width=\"150\" height=\"150\" src=\"https:\/\/aconteceunovale.com.br\/portal\/wp-content\/uploads\/2014\/02\/acidente_caminhao_itaipe_21_02_02-150x150.jpg\" class=\"attachment-thumbnail size-thumbnail\" alt=\"\" \/><\/a>\n\t\t\t<\/div><\/figure><figure class='gallery-item'>\n\t\t\t<div class='gallery-icon landscape'>\n\t\t\t\t<a href='https:\/\/aconteceunovale.com.br\/portal\/wp-content\/uploads\/2014\/02\/acidente_caminhao_itaipe_21_02_01.jpg'><img loading=\"lazy\" decoding=\"async\" width=\"150\" height=\"150\" src=\"https:\/\/aconteceunovale.com.br\/portal\/wp-content\/uploads\/2014\/02\/acidente_caminhao_itaipe_21_02_01-150x150.jpg\" class=\"attachment-thumbnail size-thumbnail\" alt=\"\" \/><\/a>\n\t\t\t<\/div><\/figure>\n\t\t<\/div>\n\n","protected":false},"excerpt":{"rendered":"<p>(REDA\u00c7\u00c3O DO ACONTECEU NO VALE, POR GLAYSSON DIAS) Um caminhoneiro morreu em um grave acidente por volta das 8 horas da noite desta sexta-feira (21\/02), na MG-211, no trecho entre Novo Cruzeiro e Itaip\u00e9. O acidente aconteceu em uma descida conhecida como \u201cDescida do Bicas\u201d. De acordo com as primeiras informa\u00e7\u00f5es apuradas no local pela [&hellip;]<\/p>\n","protected":false},"author":1,"featured_media":22078,"comment_status":"open","ping_status":"closed","sticky":false,"template":"","format":"standard","meta":{"amp_status":"","footnotes":""},"categories":[120],"tags":[4745,130,4742,132,4743,4744,191,175],"class_list":["post-22071","post","type-post","status-publish","format-standard","has-post-thumbnail","hentry","category-jequi","tag-acidente-com-caminhoneiro-de-capelinha","tag-agua-boa","tag-caminhoneiro-de-capelinha-morre-em-acidente-proximo-a-itaipe","tag-capelinha","tag-fotos-acidente-com-caminhao-em-itaipe","tag-fotos-acidente-com-caminhoneiro-de-capelinha","tag-itaipe","tag-novo-cruzeiro"],"_links":{"self":[{"href":"https:\/\/aconteceunovale.com.br\/portal\/index.php?rest_route=\/wp\/v2\/posts\/22071","targetHints":{"allow":["GET"]}}],"collection":[{"href":"https:\/\/aconteceunovale.com.br\/portal\/index.php?rest_route=\/wp\/v2\/posts"}],"about":[{"href":"https:\/\/aconteceunovale.com.br\/portal\/index.php?rest_route=\/wp\/v2\/types\/post"}],"author":[{"embeddable":true,"href":"https:\/\/aconteceunovale.com.br\/portal\/index.php?rest_route=\/wp\/v2\/users\/1"}],"replies":[{"embeddable":true,"href":"https:\/\/aconteceunovale.com.br\/portal\/index.php?rest_route=%2Fwp%2Fv2%2Fcomments&post=22071"}],"version-history":[{"count":0,"href":"https:\/\/aconteceunovale.com.br\/portal\/index.php?rest_route=\/wp\/v2\/posts\/22071\/revisions"}],"wp:featuredmedia":[{"embeddable":true,"href":"https:\/\/aconteceunovale.com.br\/portal\/index.php?rest_route=\/wp\/v2\/media\/22078"}],"wp:attachment":[{"href":"https:\/\/aconteceunovale.com.br\/portal\/index.php?rest_route=%2Fwp%2Fv2%2Fmedia&parent=22071"}],"wp:term":[{"taxonomy":"category","embeddable":true,"href":"https:\/\/aconteceunovale.com.br\/portal\/index.php?rest_route=%2Fwp%2Fv2%2Fcategories&post=22071"},{"taxonomy":"post_tag","embeddable":true,"href":"https:\/\/aconteceunovale.com.br\/portal\/index.php?rest_route=%2Fwp%2Fv2%2Ftags&post=22071"}],"curies":[{"name":"wp","href":"https:\/\/api.w.org\/{rel}","templated":true}]}}