{"id":22043,"date":"2014-02-21T19:09:33","date_gmt":"2014-02-21T22:09:33","guid":{"rendered":"http:\/\/aconteceunovale.com.br\/portal\/?p=22043"},"modified":"2014-02-21T19:10:31","modified_gmt":"2014-02-21T22:10:31","slug":"prefeitura-realiza-revitalizacao-do-centro-historico-de-conceicao-do-mato-dentro","status":"publish","type":"post","link":"https:\/\/aconteceunovale.com.br\/portal\/?p=22043","title":{"rendered":"Prefeitura realiza revitaliza\u00e7\u00e3o do centro hist\u00f3rico de Concei\u00e7\u00e3o do Mato Dentro"},"content":{"rendered":"<p>Come\u00e7aram nesta sexta-feira (21\/02), as obras de revitaliza\u00e7\u00e3o do centro hist\u00f3rico de Concei\u00e7\u00e3o do Mato Dentro. A troca do antigo cal\u00e7amento por paralelep\u00edpedo de granito traz maior durabilidade, \u00e9 de f\u00e1cil instala\u00e7\u00e3o e ainda resgata as caracter\u00edsticas hist\u00f3ricas, valorizando o patrim\u00f4nio do munic\u00edpio.<\/p>\n<p><img decoding=\"async\" src=\"http:\/\/aconteceunovale.com.br\/portal\/wp-content\/uploads\/2014\/02\/revitalizacao_centro_cmd_1.jpg\" alt=\"\" \/><\/p>\n<p>Receber\u00e3o o novo pavimento as ruas transversais que ligam a Daniel de Carvalho com a Raul Soares, bem como essas duas ruas, que s\u00e3o as principais da regi\u00e3o. Na Pra\u00e7a do Maranh\u00e3o, al\u00e9m de ruas reformadas, ser\u00e1 implantado um sistema de drenagem pluvial.<\/p>\n<p>A primeira rua a receber os servi\u00e7os \u00e9 a Crispiniano Brand\u00e3o. Portanto, at\u00e9 o pr\u00f3ximo dia 28, sexta-feira, o acesso a essa rua estar\u00e1 totalmente bloqueado. O tempo total das obras \u00e9 de tr\u00eas meses.<\/p>\n<p>Para evitar transtornos, n\u00e3o haver\u00e1 obras no per\u00edodo do carnaval. Os servi\u00e7os ser\u00e3o retomados ap\u00f3s as festividades.<\/p>\n<p><img decoding=\"async\" src=\"http:\/\/aconteceunovale.com.br\/portal\/wp-content\/uploads\/2014\/02\/revitalizacao_centro_cmd_2.jpg\" alt=\"\" \/><\/p>\n<p><img decoding=\"async\" src=\"http:\/\/aconteceunovale.com.br\/portal\/wp-content\/uploads\/2014\/02\/revitalizacao_centro_cmd_3.jpg\" alt=\"\" \/><\/p>\n<p><em><strong>(Prefeitura de Concei\u00e7\u00e3o do Mato Dentro)<\/strong><\/em><\/p>\n","protected":false},"excerpt":{"rendered":"<p>Come\u00e7aram nesta sexta-feira (21\/02), as obras de revitaliza\u00e7\u00e3o do centro hist\u00f3rico de Concei\u00e7\u00e3o do Mato Dentro. A troca do antigo cal\u00e7amento por paralelep\u00edpedo de granito traz maior durabilidade, \u00e9 de f\u00e1cil instala\u00e7\u00e3o e ainda resgata as caracter\u00edsticas hist\u00f3ricas, valorizando o patrim\u00f4nio do munic\u00edpio. Receber\u00e3o o novo pavimento as ruas transversais que ligam a Daniel de [&hellip;]<\/p>\n","protected":false},"author":1,"featured_media":22046,"comment_status":"open","ping_status":"closed","sticky":false,"template":"","format":"standard","meta":{"amp_status":"","footnotes":""},"categories":[123],"tags":[628,4736,4737],"class_list":["post-22043","post","type-post","status-publish","format-standard","has-post-thumbnail","hentry","category-gerais","tag-conceicao-do-mato-dentro","tag-prefeitura-realiza-revitalizacao-do-centro-historico-de-conceicao-do-mato-dentro","tag-revitalizacao-do-centro-historico-de-conceicao-do-mato-dentro"],"_links":{"self":[{"href":"https:\/\/aconteceunovale.com.br\/portal\/index.php?rest_route=\/wp\/v2\/posts\/22043","targetHints":{"allow":["GET"]}}],"collection":[{"href":"https:\/\/aconteceunovale.com.br\/portal\/index.php?rest_route=\/wp\/v2\/posts"}],"about":[{"href":"https:\/\/aconteceunovale.com.br\/portal\/index.php?rest_route=\/wp\/v2\/types\/post"}],"author":[{"embeddable":true,"href":"https:\/\/aconteceunovale.com.br\/portal\/index.php?rest_route=\/wp\/v2\/users\/1"}],"replies":[{"embeddable":true,"href":"https:\/\/aconteceunovale.com.br\/portal\/index.php?rest_route=%2Fwp%2Fv2%2Fcomments&post=22043"}],"version-history":[{"count":0,"href":"https:\/\/aconteceunovale.com.br\/portal\/index.php?rest_route=\/wp\/v2\/posts\/22043\/revisions"}],"wp:featuredmedia":[{"embeddable":true,"href":"https:\/\/aconteceunovale.com.br\/portal\/index.php?rest_route=\/wp\/v2\/media\/22046"}],"wp:attachment":[{"href":"https:\/\/aconteceunovale.com.br\/portal\/index.php?rest_route=%2Fwp%2Fv2%2Fmedia&parent=22043"}],"wp:term":[{"taxonomy":"category","embeddable":true,"href":"https:\/\/aconteceunovale.com.br\/portal\/index.php?rest_route=%2Fwp%2Fv2%2Fcategories&post=22043"},{"taxonomy":"post_tag","embeddable":true,"href":"https:\/\/aconteceunovale.com.br\/portal\/index.php?rest_route=%2Fwp%2Fv2%2Ftags&post=22043"}],"curies":[{"name":"wp","href":"https:\/\/api.w.org\/{rel}","templated":true}]}}