{"id":21969,"date":"2014-02-21T10:54:17","date_gmt":"2014-02-21T13:54:17","guid":{"rendered":"http:\/\/aconteceunovale.com.br\/portal\/?p=21969"},"modified":"2014-02-21T11:02:48","modified_gmt":"2014-02-21T14:02:48","slug":"policia-apreende-motos-roubadas-em-capelinha","status":"publish","type":"post","link":"https:\/\/aconteceunovale.com.br\/portal\/?p=21969","title":{"rendered":"Pol\u00edcia apreende motos roubadas em Capelinha"},"content":{"rendered":"<p>Duas motos foram apreendidas nesta quinta-feira (20\/02), em Capelinha, no Vale do Jequitinhonha. Durante patrulhamento na regi\u00e3o central da cidade, os policiais da Moto Patrulha da Pol\u00edcia Militar abordaram uma motocicleta XRE 300, placa GZB-2480 de Belo Horizonte, na Rua das Flores, onde esta estava com queixa de furto e roubo. <\/p>\n<p><img decoding=\"async\" src=\"http:\/\/aconteceunovale.com.br\/portal\/wp-content\/uploads\/2014\/02\/motos_roubadas_capelinha_01.jpg\" alt=\"\" \/><br \/>\n<em>(Foto: Pol\u00edcia Militar de Capelinha)<\/em><\/p>\n<p>Outra moto foi apreendida em uma oficina da cidade, ap\u00f3s algumas informa\u00e7\u00f5es, os militares localizaram uma motocicleta Honda 150, placa HMD-3556 tamb\u00e9m com queixa de furto e roubo, esta estava na oficina Vieira Moto Pe\u00e7as, onde j\u00e1 estava sendo desmontada.<\/p>\n<p>A oficina Vieira Moto Pe\u00e7as \u00e9 de propriedade do atual prefeito de \u00c1gua Boa e empres\u00e1rio, Laerth Vieira. <\/p>\n<p>As motocicletas citadas foram aprendidas e autores foram presos e encaminhados a Delegacia de Capelinha.<\/p>\n<p><strong>GALERIA DE FOTOS:<\/strong><br \/>\n<em>(Foto: Pol\u00edcia Militar de Capelinha)<\/em><\/p>\n<p><img decoding=\"async\" src=\"http:\/\/aconteceunovale.com.br\/portal\/wp-content\/uploads\/2014\/02\/motos_roubadas_capelinha_02.jpg\" alt=\"\" \/><\/p>\n<p><img decoding=\"async\" src=\"http:\/\/aconteceunovale.com.br\/portal\/wp-content\/uploads\/2014\/02\/motos_roubadas_capelinha_03.jpg\" alt=\"\" \/><\/p>\n<p><img decoding=\"async\" src=\"http:\/\/aconteceunovale.com.br\/portal\/wp-content\/uploads\/2014\/02\/motos_roubadas_capelinha_04.jpg\" alt=\"\" \/><\/p>\n<p><img decoding=\"async\" src=\"http:\/\/aconteceunovale.com.br\/portal\/wp-content\/uploads\/2014\/02\/motos_roubadas_capelinha_05.jpg\" alt=\"\" \/><\/p>\n","protected":false},"excerpt":{"rendered":"<p>Duas motos foram apreendidas nesta quinta-feira (20\/02), em Capelinha, no Vale do Jequitinhonha. Durante patrulhamento na regi\u00e3o central da cidade, os policiais da Moto Patrulha da Pol\u00edcia Militar abordaram uma motocicleta XRE 300, placa GZB-2480 de Belo Horizonte, na Rua das Flores, onde esta estava com queixa de furto e roubo. (Foto: Pol\u00edcia Militar de [&hellip;]<\/p>\n","protected":false},"author":1,"featured_media":21970,"comment_status":"open","ping_status":"closed","sticky":false,"template":"","format":"standard","meta":{"amp_status":"","footnotes":""},"categories":[120],"tags":[130,132,4709,4707,4708],"class_list":["post-21969","post","type-post","status-publish","format-standard","has-post-thumbnail","hentry","category-jequi","tag-agua-boa","tag-capelinha","tag-laerth-vieira","tag-policia-apreende-motos-roubadas-em-capelinha","tag-vieira-moto-pecas"],"_links":{"self":[{"href":"https:\/\/aconteceunovale.com.br\/portal\/index.php?rest_route=\/wp\/v2\/posts\/21969","targetHints":{"allow":["GET"]}}],"collection":[{"href":"https:\/\/aconteceunovale.com.br\/portal\/index.php?rest_route=\/wp\/v2\/posts"}],"about":[{"href":"https:\/\/aconteceunovale.com.br\/portal\/index.php?rest_route=\/wp\/v2\/types\/post"}],"author":[{"embeddable":true,"href":"https:\/\/aconteceunovale.com.br\/portal\/index.php?rest_route=\/wp\/v2\/users\/1"}],"replies":[{"embeddable":true,"href":"https:\/\/aconteceunovale.com.br\/portal\/index.php?rest_route=%2Fwp%2Fv2%2Fcomments&post=21969"}],"version-history":[{"count":0,"href":"https:\/\/aconteceunovale.com.br\/portal\/index.php?rest_route=\/wp\/v2\/posts\/21969\/revisions"}],"wp:featuredmedia":[{"embeddable":true,"href":"https:\/\/aconteceunovale.com.br\/portal\/index.php?rest_route=\/wp\/v2\/media\/21970"}],"wp:attachment":[{"href":"https:\/\/aconteceunovale.com.br\/portal\/index.php?rest_route=%2Fwp%2Fv2%2Fmedia&parent=21969"}],"wp:term":[{"taxonomy":"category","embeddable":true,"href":"https:\/\/aconteceunovale.com.br\/portal\/index.php?rest_route=%2Fwp%2Fv2%2Fcategories&post=21969"},{"taxonomy":"post_tag","embeddable":true,"href":"https:\/\/aconteceunovale.com.br\/portal\/index.php?rest_route=%2Fwp%2Fv2%2Ftags&post=21969"}],"curies":[{"name":"wp","href":"https:\/\/api.w.org\/{rel}","templated":true}]}}