{"id":21845,"date":"2014-02-19T21:24:39","date_gmt":"2014-02-20T00:24:39","guid":{"rendered":"http:\/\/aconteceunovale.com.br\/portal\/?p=21845"},"modified":"2014-02-19T21:24:39","modified_gmt":"2014-02-20T00:24:39","slug":"acusado-de-atirar-em-policiais-e-preso-em-ponto-do-marambaia","status":"publish","type":"post","link":"https:\/\/aconteceunovale.com.br\/portal\/?p=21845","title":{"rendered":"Acusado de atirar em policiais \u00e9 preso em Ponto do Marambaia"},"content":{"rendered":"<p>No \u00faltimo final de semana, policiais militares realizavam o trabalho de patrulhamento em Ponto do Marambaia, distrito de Cara\u00ed, momento em que observaram um homem em atitude suspeita. Durante abordagem policial a Jhony C. G. S, os policiais questionaram o suspeito sobre seus documentos pessoais, tendo o mesmo informado que havia perdido. <\/p>\n<p>Em consulta ao sistema informatizado da Pol\u00edcia Militar, foi constatado que havia um mandado de pris\u00e3o em aberto contra Jhony, suspeito de ter efetuado disparos contra militares na cidade de Betim. <\/p>\n<p>O acusado foi detido e encaminhado at\u00e9 a delegacia para dar prosseguimento \u00e0s demais provid\u00eancias cab\u00edveis.<\/p>\n<p><img decoding=\"async\" src=\"http:\/\/aconteceunovale.com.br\/portal\/wp-content\/uploads\/2014\/02\/preso_em_ponto_do_marambaia.jpg\" alt=\"\" \/><\/p>\n<p><em>(Foto e informa\u00e7\u00f5es da Pol\u00edcia Militar)<\/em><\/p>\n","protected":false},"excerpt":{"rendered":"<p>No \u00faltimo final de semana, policiais militares realizavam o trabalho de patrulhamento em Ponto do Marambaia, distrito de Cara\u00ed, momento em que observaram um homem em atitude suspeita. Durante abordagem policial a Jhony C. G. S, os policiais questionaram o suspeito sobre seus documentos pessoais, tendo o mesmo informado que havia perdido. Em consulta ao [&hellip;]<\/p>\n","protected":false},"author":1,"featured_media":21846,"comment_status":"open","ping_status":"closed","sticky":false,"template":"","format":"standard","meta":{"amp_status":"","footnotes":""},"categories":[120],"tags":[4619,490,4620],"class_list":["post-21845","post","type-post","status-publish","format-standard","has-post-thumbnail","hentry","category-jequi","tag-acusado-de-atirar-em-policiais-e-preso-em-ponto-do-marambaia","tag-carai","tag-ponto-do-marambaia"],"_links":{"self":[{"href":"https:\/\/aconteceunovale.com.br\/portal\/index.php?rest_route=\/wp\/v2\/posts\/21845","targetHints":{"allow":["GET"]}}],"collection":[{"href":"https:\/\/aconteceunovale.com.br\/portal\/index.php?rest_route=\/wp\/v2\/posts"}],"about":[{"href":"https:\/\/aconteceunovale.com.br\/portal\/index.php?rest_route=\/wp\/v2\/types\/post"}],"author":[{"embeddable":true,"href":"https:\/\/aconteceunovale.com.br\/portal\/index.php?rest_route=\/wp\/v2\/users\/1"}],"replies":[{"embeddable":true,"href":"https:\/\/aconteceunovale.com.br\/portal\/index.php?rest_route=%2Fwp%2Fv2%2Fcomments&post=21845"}],"version-history":[{"count":0,"href":"https:\/\/aconteceunovale.com.br\/portal\/index.php?rest_route=\/wp\/v2\/posts\/21845\/revisions"}],"wp:featuredmedia":[{"embeddable":true,"href":"https:\/\/aconteceunovale.com.br\/portal\/index.php?rest_route=\/wp\/v2\/media\/21846"}],"wp:attachment":[{"href":"https:\/\/aconteceunovale.com.br\/portal\/index.php?rest_route=%2Fwp%2Fv2%2Fmedia&parent=21845"}],"wp:term":[{"taxonomy":"category","embeddable":true,"href":"https:\/\/aconteceunovale.com.br\/portal\/index.php?rest_route=%2Fwp%2Fv2%2Fcategories&post=21845"},{"taxonomy":"post_tag","embeddable":true,"href":"https:\/\/aconteceunovale.com.br\/portal\/index.php?rest_route=%2Fwp%2Fv2%2Ftags&post=21845"}],"curies":[{"name":"wp","href":"https:\/\/api.w.org\/{rel}","templated":true}]}}