{"id":21812,"date":"2014-02-19T16:57:27","date_gmt":"2014-02-19T19:57:27","guid":{"rendered":"http:\/\/aconteceunovale.com.br\/portal\/?p=21812"},"modified":"2014-02-19T19:32:28","modified_gmt":"2014-02-19T22:32:28","slug":"grave-acidente-deixa-duas-vitimas-fatais-em-capelinha","status":"publish","type":"post","link":"https:\/\/aconteceunovale.com.br\/portal\/?p=21812","title":{"rendered":"Grave acidente deixa duas v\u00edtimas fatais em Capelinha"},"content":{"rendered":"<p>Dois homens morreram e outro ficou ferido em um grave acidente registrado nesta quarta-feira (19\/02), na MG-211, estrada que liga Capelinha a Novo Cruzeiro, no Vale do Jequitinhonha.<\/p>\n<p><img decoding=\"async\" src=\"http:\/\/aconteceunovale.com.br\/portal\/wp-content\/uploads\/2014\/02\/grave_acidente_capelinha_19_02.jpg\" alt=\"\" \/><br \/>\n<em>(Foto: Capelinha.net)<\/em><\/p>\n<p>De acordo com informa\u00e7\u00f5es da Pol\u00edcia Militar Rodovi\u00e1ria, o condutor do ve\u00edculo VW Gol, Valdecy Dias Vieira, 47 anos, bateu contra uma \u00e1rvore, quando ultrapassava uma moto que seguia na mesma dire\u00e7\u00e3o. O condutor do ve\u00edculo e o passageiro que estava no banco traseiro, Edgar Correa Lemos, 49 anos, morreram no local. <\/p>\n<p>Outro passageiro, Raimundo Valdeci Alves Sampaio, 37 anos, que viajava no banco do carona, sofreu ferimentos e est\u00e1 internado na Funda\u00e7\u00e3o Hospitalar S\u00e3o Vicente de Paulo em Capelinha, ele n\u00e3o corre risco de morrer.<\/p>\n<p>Ainda segundo a Pol\u00edcia Militar, o acidente ocorreu por volta das 6 horas da manh\u00e3, quando as v\u00edtimas seguiam para o trabalho. A Pol\u00edcia informou tamb\u00e9m que o motorista do gol era habilitado, bem como o condutor da motocicleta, Jos\u00e9 Orlando Camargo de Sousa, de 24 anos.<\/p>\n<p>O socorro \u00e0s v\u00edtimas foi realizado por uma equipe de socorristas do SAMU de Capelinha.<\/p>\n","protected":false},"excerpt":{"rendered":"<p>Dois homens morreram e outro ficou ferido em um grave acidente registrado nesta quarta-feira (19\/02), na MG-211, estrada que liga Capelinha a Novo Cruzeiro, no Vale do Jequitinhonha. (Foto: Capelinha.net) De acordo com informa\u00e7\u00f5es da Pol\u00edcia Militar Rodovi\u00e1ria, o condutor do ve\u00edculo VW Gol, Valdecy Dias Vieira, 47 anos, bateu contra uma \u00e1rvore, quando ultrapassava [&hellip;]<\/p>\n","protected":false},"author":1,"featured_media":21813,"comment_status":"open","ping_status":"closed","sticky":false,"template":"","format":"standard","meta":{"amp_status":"","footnotes":""},"categories":[120],"tags":[4598,4600,4599,132,4597,4594,4596],"class_list":["post-21812","post","type-post","status-publish","format-standard","has-post-thumbnail","hentry","category-jequi","tag-acidente-em-capelinha","tag-acidente-na-zona-rural-de-capelinha","tag-acidente-proximo-a-fazenda-alagadico-em-capelinha","tag-capelinha","tag-edgar-correa-lemos","tag-grave-acidente-deixa-duas-vitimas-fatais-em-capelinha","tag-valdecy-dias-vieira"],"_links":{"self":[{"href":"https:\/\/aconteceunovale.com.br\/portal\/index.php?rest_route=\/wp\/v2\/posts\/21812","targetHints":{"allow":["GET"]}}],"collection":[{"href":"https:\/\/aconteceunovale.com.br\/portal\/index.php?rest_route=\/wp\/v2\/posts"}],"about":[{"href":"https:\/\/aconteceunovale.com.br\/portal\/index.php?rest_route=\/wp\/v2\/types\/post"}],"author":[{"embeddable":true,"href":"https:\/\/aconteceunovale.com.br\/portal\/index.php?rest_route=\/wp\/v2\/users\/1"}],"replies":[{"embeddable":true,"href":"https:\/\/aconteceunovale.com.br\/portal\/index.php?rest_route=%2Fwp%2Fv2%2Fcomments&post=21812"}],"version-history":[{"count":0,"href":"https:\/\/aconteceunovale.com.br\/portal\/index.php?rest_route=\/wp\/v2\/posts\/21812\/revisions"}],"wp:featuredmedia":[{"embeddable":true,"href":"https:\/\/aconteceunovale.com.br\/portal\/index.php?rest_route=\/wp\/v2\/media\/21813"}],"wp:attachment":[{"href":"https:\/\/aconteceunovale.com.br\/portal\/index.php?rest_route=%2Fwp%2Fv2%2Fmedia&parent=21812"}],"wp:term":[{"taxonomy":"category","embeddable":true,"href":"https:\/\/aconteceunovale.com.br\/portal\/index.php?rest_route=%2Fwp%2Fv2%2Fcategories&post=21812"},{"taxonomy":"post_tag","embeddable":true,"href":"https:\/\/aconteceunovale.com.br\/portal\/index.php?rest_route=%2Fwp%2Fv2%2Ftags&post=21812"}],"curies":[{"name":"wp","href":"https:\/\/api.w.org\/{rel}","templated":true}]}}