{"id":21807,"date":"2014-02-19T15:09:04","date_gmt":"2014-02-19T18:09:04","guid":{"rendered":"http:\/\/aconteceunovale.com.br\/portal\/?p=21807"},"modified":"2014-02-19T15:09:04","modified_gmt":"2014-02-19T18:09:04","slug":"homem-e-preso-apos-ameacar-ex-companheira-com-arco-e-flecha","status":"publish","type":"post","link":"https:\/\/aconteceunovale.com.br\/portal\/?p=21807","title":{"rendered":"Homem \u00e9 preso ap\u00f3s amea\u00e7ar ex-companheira com arco e flecha"},"content":{"rendered":"<p>Um homem de 37 anos foi preso na manh\u00e3 desta quarta-feira (19\/02) em Governador Valadares, no Leste de Minas Gerais, ap\u00f3s amea\u00e7ar a ex-companheira com um arco e flecha. Segundo informa\u00e7\u00f5es da Pol\u00edcia Civil, a amea\u00e7a aconteceu na porta de um restaurante no Centro da cidade.<\/p>\n<p><img decoding=\"async\" src=\"http:\/\/aconteceunovale.com.br\/portal\/wp-content\/uploads\/2014\/02\/indio_bravo_gv_19_02.jpg\" alt=\"\" \/><br \/>\n<em>(Foto: Maria Freitas)<\/em><\/p>\n<p>Ainda segundo informa\u00e7\u00f5es da Pol\u00edcia Civil, o homem n\u00e3o chegou a atirar na mulher porque foi impedido por pessoas que passavam na rua. O casal est\u00e1 separado h\u00e1 tr\u00eas anos, mas o suspeito n\u00e3o aceitava.<\/p>\n<p>De acordo com a Pol\u00edcia Civil, a v\u00edtima j\u00e1 havia pedido uma medida protetiva, mas ela foi negada pelo juiz. O homem foi preso e encaminhado para a Delegacia de Governador Valadares.]<\/p>\n<p><em>(Inter TV dos Vales)<\/em><\/p>\n","protected":false},"excerpt":{"rendered":"<p>Um homem de 37 anos foi preso na manh\u00e3 desta quarta-feira (19\/02) em Governador Valadares, no Leste de Minas Gerais, ap\u00f3s amea\u00e7ar a ex-companheira com um arco e flecha. Segundo informa\u00e7\u00f5es da Pol\u00edcia Civil, a amea\u00e7a aconteceu na porta de um restaurante no Centro da cidade. (Foto: Maria Freitas) Ainda segundo informa\u00e7\u00f5es da Pol\u00edcia Civil, [&hellip;]<\/p>\n","protected":false},"author":1,"featured_media":21808,"comment_status":"open","ping_status":"closed","sticky":false,"template":"","format":"standard","meta":{"amp_status":"","footnotes":""},"categories":[121],"tags":[247,4592],"class_list":["post-21807","post","type-post","status-publish","format-standard","has-post-thumbnail","hentry","category-leste","tag-governador-valadares","tag-homem-e-preso-apos-ameacar-ex-companheira-com-arco-e-flecha"],"_links":{"self":[{"href":"https:\/\/aconteceunovale.com.br\/portal\/index.php?rest_route=\/wp\/v2\/posts\/21807","targetHints":{"allow":["GET"]}}],"collection":[{"href":"https:\/\/aconteceunovale.com.br\/portal\/index.php?rest_route=\/wp\/v2\/posts"}],"about":[{"href":"https:\/\/aconteceunovale.com.br\/portal\/index.php?rest_route=\/wp\/v2\/types\/post"}],"author":[{"embeddable":true,"href":"https:\/\/aconteceunovale.com.br\/portal\/index.php?rest_route=\/wp\/v2\/users\/1"}],"replies":[{"embeddable":true,"href":"https:\/\/aconteceunovale.com.br\/portal\/index.php?rest_route=%2Fwp%2Fv2%2Fcomments&post=21807"}],"version-history":[{"count":0,"href":"https:\/\/aconteceunovale.com.br\/portal\/index.php?rest_route=\/wp\/v2\/posts\/21807\/revisions"}],"wp:featuredmedia":[{"embeddable":true,"href":"https:\/\/aconteceunovale.com.br\/portal\/index.php?rest_route=\/wp\/v2\/media\/21808"}],"wp:attachment":[{"href":"https:\/\/aconteceunovale.com.br\/portal\/index.php?rest_route=%2Fwp%2Fv2%2Fmedia&parent=21807"}],"wp:term":[{"taxonomy":"category","embeddable":true,"href":"https:\/\/aconteceunovale.com.br\/portal\/index.php?rest_route=%2Fwp%2Fv2%2Fcategories&post=21807"},{"taxonomy":"post_tag","embeddable":true,"href":"https:\/\/aconteceunovale.com.br\/portal\/index.php?rest_route=%2Fwp%2Fv2%2Ftags&post=21807"}],"curies":[{"name":"wp","href":"https:\/\/api.w.org\/{rel}","templated":true}]}}