{"id":21624,"date":"2014-02-18T11:42:48","date_gmt":"2014-02-18T14:42:48","guid":{"rendered":"http:\/\/aconteceunovale.com.br\/portal\/?p=21624"},"modified":"2014-02-18T11:42:48","modified_gmt":"2014-02-18T14:42:48","slug":"suspeito-de-de-crimes-na-regiao-de-mata-verde-e-morto-na-divisa-com-a-ba","status":"publish","type":"post","link":"https:\/\/aconteceunovale.com.br\/portal\/?p=21624","title":{"rendered":"Suspeito de de crimes na regi\u00e3o de Mata Verde \u00e9 morto na divisa com a BA"},"content":{"rendered":"<p>Na madrugada do domingo, 16, populares da Vila Bahia (divisa BA\/MG) ouviram v\u00e1rios tiros nas proximidades de um antigo posto de combust\u00edvel. Ao verificarem o que havia ocorrido encontraram o corpo de Waldemi Lopes da Silva, vulgo Toquinho, com v\u00e1rias perfura\u00e7\u00f5es provocadas pelos disparos. <\/p>\n<p>De acordo com a pol\u00edcia, \u201cToquinho\u201d seria integrante da quadrilha liderada por um tal de \u201cBoca da Vila Bahia\u201d. Ainda segundo a pol\u00edcia, a v\u00edtima \u00e9 suspeita de praticar assaltos, de envolvimento com o tr\u00e1fico de drogas e homic\u00eddios na regi\u00e3o de Mata Verde, Vila do Caf\u00e9, Encruzilhada e adjac\u00eancias.<\/p>\n<p>Ap\u00f3s realiza\u00e7\u00e3o da Pericia no local do crime, o corpo de \u201cToquinho\u201d foi recolhido e encaminhado para o Instituto M\u00e9dico Legal.<\/p>\n<p><img decoding=\"async\" src=\"http:\/\/aconteceunovale.com.br\/portal\/wp-content\/uploads\/2014\/02\/suspeito_assaltos_mata_verde.jpg\" alt=\"\" \/><\/p>\n<p><em>(Portal Jord\u00e2nia)<\/em><\/p>\n","protected":false},"excerpt":{"rendered":"<p>Na madrugada do domingo, 16, populares da Vila Bahia (divisa BA\/MG) ouviram v\u00e1rios tiros nas proximidades de um antigo posto de combust\u00edvel. Ao verificarem o que havia ocorrido encontraram o corpo de Waldemi Lopes da Silva, vulgo Toquinho, com v\u00e1rias perfura\u00e7\u00f5es provocadas pelos disparos. De acordo com a pol\u00edcia, \u201cToquinho\u201d seria integrante da quadrilha liderada [&hellip;]<\/p>\n","protected":false},"author":1,"featured_media":21625,"comment_status":"open","ping_status":"closed","sticky":false,"template":"","format":"standard","meta":{"amp_status":"","footnotes":""},"categories":[120],"tags":[355,4493,4492],"class_list":["post-21624","post","type-post","status-publish","format-standard","has-post-thumbnail","hentry","category-jequi","tag-mata-verde","tag-suspeito-de-de-crimes-na-regiao-de-mata-verde-e-morto-na-divisa-com-a-ba","tag-suspeito-de-praticar-assaltos-e-outros-crimes-na-regiao-de-mata-verde-e-morto-na-divisa-com-a-ba"],"_links":{"self":[{"href":"https:\/\/aconteceunovale.com.br\/portal\/index.php?rest_route=\/wp\/v2\/posts\/21624","targetHints":{"allow":["GET"]}}],"collection":[{"href":"https:\/\/aconteceunovale.com.br\/portal\/index.php?rest_route=\/wp\/v2\/posts"}],"about":[{"href":"https:\/\/aconteceunovale.com.br\/portal\/index.php?rest_route=\/wp\/v2\/types\/post"}],"author":[{"embeddable":true,"href":"https:\/\/aconteceunovale.com.br\/portal\/index.php?rest_route=\/wp\/v2\/users\/1"}],"replies":[{"embeddable":true,"href":"https:\/\/aconteceunovale.com.br\/portal\/index.php?rest_route=%2Fwp%2Fv2%2Fcomments&post=21624"}],"version-history":[{"count":0,"href":"https:\/\/aconteceunovale.com.br\/portal\/index.php?rest_route=\/wp\/v2\/posts\/21624\/revisions"}],"wp:featuredmedia":[{"embeddable":true,"href":"https:\/\/aconteceunovale.com.br\/portal\/index.php?rest_route=\/wp\/v2\/media\/21625"}],"wp:attachment":[{"href":"https:\/\/aconteceunovale.com.br\/portal\/index.php?rest_route=%2Fwp%2Fv2%2Fmedia&parent=21624"}],"wp:term":[{"taxonomy":"category","embeddable":true,"href":"https:\/\/aconteceunovale.com.br\/portal\/index.php?rest_route=%2Fwp%2Fv2%2Fcategories&post=21624"},{"taxonomy":"post_tag","embeddable":true,"href":"https:\/\/aconteceunovale.com.br\/portal\/index.php?rest_route=%2Fwp%2Fv2%2Ftags&post=21624"}],"curies":[{"name":"wp","href":"https:\/\/api.w.org\/{rel}","templated":true}]}}