{"id":21589,"date":"2014-02-18T10:28:28","date_gmt":"2014-02-18T13:28:28","guid":{"rendered":"http:\/\/aconteceunovale.com.br\/portal\/?p=21589"},"modified":"2014-02-18T10:28:28","modified_gmt":"2014-02-18T13:28:28","slug":"concurso-leva-banda-para-festival-ecologic","status":"publish","type":"post","link":"https:\/\/aconteceunovale.com.br\/portal\/?p=21589","title":{"rendered":"Concurso leva banda para festival Ecologic"},"content":{"rendered":"<p>Vem a\u00ed um dos maiores festivais de m\u00fasica eletr\u00f4nica do Brasil, o Ecologic. Este ano, al\u00e9m da participa\u00e7\u00e3o j\u00e1 habitual dos DJs, o festival abriu um concurso para que tr\u00eas bandas alternativas possam tocar no evento. E tem valadarense querendo fazer parte dessa festa. A banda Macaco V\u00e9i conta com a ajuda dos f\u00e3s para conseguir levar o nome de Valadares ao Esp\u00edrito Santo, local do Ecologic.<\/p>\n<p><img decoding=\"async\" src=\"http:\/\/aconteceunovale.com.br\/portal\/wp-content\/uploads\/2014\/02\/concurso_festival_ecologic.jpg\" alt=\"\" \/><br \/>\n<em>(Foto: Jack Zalcman)<\/em><\/p>\n<p>O festival ser\u00e1 dia 13 de abril, e o voto nas bandas concorrentes deve ser dado at\u00e9 o dia 5 de abril. A banda valadarense criou uma p\u00e1gina no Facebook para poder convidar as pessoas a votar (<a href=\"http:\/\/www.facebook.com\/events\/706777069352987\" target=\"_blank\">www.facebook.com\/events\/706777069352987<\/a>). Na p\u00e1gina \u00e9 poss\u00edvel acessar o link para a vota\u00e7\u00e3o.<\/p>\n<p>Entre as atra\u00e7\u00f5es confirmadas para o festival este ano est\u00e3o DJs israelenses, entre outros do mundo todo. Se conseguir o maior n\u00famero de votos, a banda Macaco V\u00e9i subir\u00e1 ao palco do evento para apresentar seu trabalho de m\u00fasica autoral alternativa.<\/p>\n<p>De acordo com Diego Boehler (percuss\u00e3o e voz), foi atrav\u00e9s do Facebook que a banda ficou sabendo da novidade no festival. Ele conta que todos os membros concordaram em enviar uma amostra do trabalho da banda para participar da vota\u00e7\u00e3o. \u201cEu estava no Facebook e um amigo meu que mora no Esp\u00edrito Santo e sempre vai a esse festival viu o an\u00fancio. Conferi a programa\u00e7\u00e3o e falai com os meninos [da banda], e eles concordaram que eu mandasse os links dos v\u00eddeos com as nossas m\u00fasicas autorais. Fomos aprovados e eles lan\u00e7aram a campanha para votar\u201d, explica.<\/p>\n<p>Ao saberem da vota\u00e7\u00e3o, os integrantes da banda come\u00e7aram a fazer o trabalho de divulga\u00e7\u00e3o para conseguir ficar nas primeiras posi\u00e7\u00f5es. Jo\u00e3o V\u00edtor Dias (baixo e voz) conta que a not\u00edcia chegou atrav\u00e9s de uma mensagem. \u201cEst\u00e1vamos na minha casa conversando, o Diego j\u00e1 tinha ido para casa, e eu recebi uma mensagem dele de que nosso material havia sido selecionado. Paramos a conversa e come\u00e7amos a divulgar a vota\u00e7\u00e3o\u201d, conta.<\/p>\n<p>Nove bandas, entre elas a Macaco V\u00e9i, concorrem na vota\u00e7\u00e3o. Por enquanto a banda valadarense \u00e9 a mais votada, e se isso se confirmar no fim da vota\u00e7\u00e3o eles tocam no palco principal do evento (a banda mais votada toca no palco principal; outras duas mais votadas sobem ao palco alternativo).<\/p>\n<p><em>(Di\u00e1rio do Rio Doce)<\/em><\/p>\n","protected":false},"excerpt":{"rendered":"<p>Vem a\u00ed um dos maiores festivais de m\u00fasica eletr\u00f4nica do Brasil, o Ecologic. Este ano, al\u00e9m da participa\u00e7\u00e3o j\u00e1 habitual dos DJs, o festival abriu um concurso para que tr\u00eas bandas alternativas possam tocar no evento. E tem valadarense querendo fazer parte dessa festa. A banda Macaco V\u00e9i conta com a ajuda dos f\u00e3s para [&hellip;]<\/p>\n","protected":false},"author":1,"featured_media":21590,"comment_status":"open","ping_status":"closed","sticky":false,"template":"","format":"standard","meta":{"amp_status":"","footnotes":""},"categories":[6],"tags":[4473,4474],"class_list":["post-21589","post","type-post","status-publish","format-standard","has-post-thumbnail","hentry","category-br","tag-concurso-leva-banda-para-festival-ecologic","tag-festival-ecologic"],"_links":{"self":[{"href":"https:\/\/aconteceunovale.com.br\/portal\/index.php?rest_route=\/wp\/v2\/posts\/21589","targetHints":{"allow":["GET"]}}],"collection":[{"href":"https:\/\/aconteceunovale.com.br\/portal\/index.php?rest_route=\/wp\/v2\/posts"}],"about":[{"href":"https:\/\/aconteceunovale.com.br\/portal\/index.php?rest_route=\/wp\/v2\/types\/post"}],"author":[{"embeddable":true,"href":"https:\/\/aconteceunovale.com.br\/portal\/index.php?rest_route=\/wp\/v2\/users\/1"}],"replies":[{"embeddable":true,"href":"https:\/\/aconteceunovale.com.br\/portal\/index.php?rest_route=%2Fwp%2Fv2%2Fcomments&post=21589"}],"version-history":[{"count":0,"href":"https:\/\/aconteceunovale.com.br\/portal\/index.php?rest_route=\/wp\/v2\/posts\/21589\/revisions"}],"wp:featuredmedia":[{"embeddable":true,"href":"https:\/\/aconteceunovale.com.br\/portal\/index.php?rest_route=\/wp\/v2\/media\/21590"}],"wp:attachment":[{"href":"https:\/\/aconteceunovale.com.br\/portal\/index.php?rest_route=%2Fwp%2Fv2%2Fmedia&parent=21589"}],"wp:term":[{"taxonomy":"category","embeddable":true,"href":"https:\/\/aconteceunovale.com.br\/portal\/index.php?rest_route=%2Fwp%2Fv2%2Fcategories&post=21589"},{"taxonomy":"post_tag","embeddable":true,"href":"https:\/\/aconteceunovale.com.br\/portal\/index.php?rest_route=%2Fwp%2Fv2%2Ftags&post=21589"}],"curies":[{"name":"wp","href":"https:\/\/api.w.org\/{rel}","templated":true}]}}