{"id":21586,"date":"2014-02-18T10:18:17","date_gmt":"2014-02-18T13:18:17","guid":{"rendered":"http:\/\/aconteceunovale.com.br\/portal\/?p=21586"},"modified":"2014-02-18T10:18:17","modified_gmt":"2014-02-18T13:18:17","slug":"vocacao-religiosa-coloca-santa-maria-do-suacui-em-roteiro-turistico-religioso","status":"publish","type":"post","link":"https:\/\/aconteceunovale.com.br\/portal\/?p=21586","title":{"rendered":"Voca\u00e7\u00e3o religiosa coloca Santa Maria do Sua\u00e7u\u00ed em roteiro tur\u00edstico religioso"},"content":{"rendered":"<p>Uma reuni\u00e3o do Comit\u00ea Gestor do Turismo, com agentes do Sebrae, em Santa maria do Sua\u00e7u\u00ed, ocorrida na semana passada definiu alguns das a\u00e7\u00f5es que ser\u00e3o realizadas nos pr\u00f3ximos anos para tornar o turismo religioso na cidade ainda mais forte.<\/p>\n<p>Na reuni\u00e3o ficou decidido que ser\u00e1 feita uma pesquisa para saber o &#8220;Futuro dos Camel\u00f4s&#8221; e tamb\u00e9m teve in\u00edcio a mobiliza\u00e7\u00e3o para a constru\u00e7\u00e3o da escadaria que ligar\u00e1 o centro da cidade ao alto do morro onde fica a imagem de Santa Maria Eterna (foto).<\/p>\n<p>A estrutura\u00e7\u00e3o do Caminho da F\u00e9 ter\u00e1 ainda como atra\u00e7\u00e3o os locais dedicados \u00e0 venera\u00e7\u00e3o do C\u00f4nego Lafayette, principal atrativo tur\u00edstico da cidade.<\/p>\n<p>Todo o projeto dever\u00e1 estar implantado at\u00e9 2016, inclusive com a sinaliza\u00e7\u00e3o tur\u00edstica em toda a cidade e caminho at\u00e9 o Serro, onde nasceu o c\u00f4nego.<\/p>\n<p><img decoding=\"async\" src=\"http:\/\/aconteceunovale.com.br\/portal\/wp-content\/uploads\/2014\/02\/santa_maria_eterna_sms.jpg\" alt=\"\" \/><\/p>\n<p><em>(Prefeitura Municipal de Santa Maria do Sua\u00e7u\u00ed)<\/em><\/p>\n","protected":false},"excerpt":{"rendered":"<p>Uma reuni\u00e3o do Comit\u00ea Gestor do Turismo, com agentes do Sebrae, em Santa maria do Sua\u00e7u\u00ed, ocorrida na semana passada definiu alguns das a\u00e7\u00f5es que ser\u00e3o realizadas nos pr\u00f3ximos anos para tornar o turismo religioso na cidade ainda mais forte. Na reuni\u00e3o ficou decidido que ser\u00e1 feita uma pesquisa para saber o &#8220;Futuro dos Camel\u00f4s&#8221; [&hellip;]<\/p>\n","protected":false},"author":1,"featured_media":21587,"comment_status":"open","ping_status":"closed","sticky":false,"template":"","format":"standard","meta":{"amp_status":"","footnotes":""},"categories":[121],"tags":[240,4472],"class_list":["post-21586","post","type-post","status-publish","format-standard","has-post-thumbnail","hentry","category-leste","tag-santa-maria-do-suacui","tag-vocacao-religiosa-coloca-santa-maria-do-suacui-em-roteiro-turistico-religioso"],"_links":{"self":[{"href":"https:\/\/aconteceunovale.com.br\/portal\/index.php?rest_route=\/wp\/v2\/posts\/21586","targetHints":{"allow":["GET"]}}],"collection":[{"href":"https:\/\/aconteceunovale.com.br\/portal\/index.php?rest_route=\/wp\/v2\/posts"}],"about":[{"href":"https:\/\/aconteceunovale.com.br\/portal\/index.php?rest_route=\/wp\/v2\/types\/post"}],"author":[{"embeddable":true,"href":"https:\/\/aconteceunovale.com.br\/portal\/index.php?rest_route=\/wp\/v2\/users\/1"}],"replies":[{"embeddable":true,"href":"https:\/\/aconteceunovale.com.br\/portal\/index.php?rest_route=%2Fwp%2Fv2%2Fcomments&post=21586"}],"version-history":[{"count":0,"href":"https:\/\/aconteceunovale.com.br\/portal\/index.php?rest_route=\/wp\/v2\/posts\/21586\/revisions"}],"wp:featuredmedia":[{"embeddable":true,"href":"https:\/\/aconteceunovale.com.br\/portal\/index.php?rest_route=\/wp\/v2\/media\/21587"}],"wp:attachment":[{"href":"https:\/\/aconteceunovale.com.br\/portal\/index.php?rest_route=%2Fwp%2Fv2%2Fmedia&parent=21586"}],"wp:term":[{"taxonomy":"category","embeddable":true,"href":"https:\/\/aconteceunovale.com.br\/portal\/index.php?rest_route=%2Fwp%2Fv2%2Fcategories&post=21586"},{"taxonomy":"post_tag","embeddable":true,"href":"https:\/\/aconteceunovale.com.br\/portal\/index.php?rest_route=%2Fwp%2Fv2%2Ftags&post=21586"}],"curies":[{"name":"wp","href":"https:\/\/api.w.org\/{rel}","templated":true}]}}