{"id":21579,"date":"2014-02-18T09:59:13","date_gmt":"2014-02-18T12:59:13","guid":{"rendered":"http:\/\/aconteceunovale.com.br\/portal\/?p=21579"},"modified":"2014-02-18T12:18:59","modified_gmt":"2014-02-18T15:18:59","slug":"prefeitura-de-diamantina-planeja-mudar-radicalmente-o-perfil-do-carnaval-da-cidade","status":"publish","type":"post","link":"https:\/\/aconteceunovale.com.br\/portal\/?p=21579","title":{"rendered":"Prefeitura de Diamantina planeja mudar radicalmente o perfil do carnaval da cidade"},"content":{"rendered":"<p>A Prefeitura de Diamantina, no Alto Jequitinhonha, est\u00e1 planejando a\u00e7\u00f5es para mudar radicalmente o perfil do Carnaval na cidade. Com o objetivo de dar uma apar\u00eancia mais tranquila \u00e0 folia no munic\u00edpio, a administra\u00e7\u00e3o aposta no resgate das tradi\u00e7\u00f5es culturais. A maior novidade para 2014 ser\u00e1 a substitui\u00e7\u00e3o dos palcos da rua da Quitanda e do largo da Catedral por coretos. Nesses novos espa\u00e7os, o ax\u00e9 e o funk dar\u00e3o lugar a grupos de samba de raiz, charangas e marchinhas de Carnaval.<\/p>\n<p><img decoding=\"async\" src=\"http:\/\/aconteceunovale.com.br\/portal\/wp-content\/uploads\/2013\/11\/dtna_carnaval2.jpg\" alt=\"\" \/><\/p>\n<p>\u201cQueremos \u2018abrir a cabe\u00e7a\u2019 do nosso p\u00fablico. Vamos incentivar a mo\u00e7ada de hoje a valorizar essa cultura. Afinal, essa \u00e9 a cara de Diamantina\u201d, justifica Ricardo Santos, coordenador de A\u00e7\u00e3o Cultural da Secretaria de Cultura, Turismo e Patrim\u00f4nio de Diamantina. A cidade, que j\u00e1 registrou mais de 70 mil foli\u00f5es em outros Carnavais, receber\u00e1 40 mil neste ano, segundo a expectativa da prefeitura. Nos anos seguintes, a expectativa \u00e9 que o p\u00fablico seja ainda menor, j\u00e1 que outras mudan\u00e7as graduais est\u00e3o previstas para as pr\u00f3ximas tr\u00eas edi\u00e7\u00f5es do evento.<\/p>\n<p>\u201cSonhamos com um Carnaval mais intimista e mais tranquilo para todos. Percebemos que a proposta do evento est\u00e1 se perdendo, por isso precisamos mudar agora\u201d, avalia o coordenador. A tend\u00eancia \u00e9 que, com a reestrutura\u00e7\u00e3o, o perfil do p\u00fablico tamb\u00e9m mude. \u201cQueremos foli\u00f5es que curtam o Carnaval, mas que tamb\u00e9m valorizem a cultura e a hist\u00f3ria da regi\u00e3o, que \u00e9 muito rica. Micaretas existem o ano inteiro. Carnaval \u00e9 s\u00f3 um por ano\u201d, diz Santos.<\/p>\n<p><strong>Ritmo<\/strong><\/p>\n<p>Est\u00e3o mantidos os tradicionais tambores da Bartucada e da Batcaverna, que rufam todos os dias entre o p\u00f4r e o nascer do sol, e as 24 horas di\u00e1rias de folia. Tamb\u00e9m continuam na programa\u00e7\u00e3o os blocos caricatos, com destaque para o \u201cSapo Seco\u201d, fundado no in\u00edcio do s\u00e9culo passado, o \u201cXica da Silva\u201d e o \u201cMe Ampara Sen\u00e3o Eu Caio\u201d.<\/p>\n<p><strong>Verba na capital<\/strong><\/p>\n<p>A Empresa Municipal de Turismo de Belo Horizonte (Belotur) prorrogou o prazo para que blocos caricatos e escolas de samba apresentem os documentos necess\u00e1rios para receber as verbas de aux\u00edlio. Os grupos ter\u00e3o at\u00e9 a pr\u00f3xima quinta-feira para solicitar o benef\u00edcio na Belotur (rua da Bahia, 888, 6\u00ba andar, centro), das 10h \u00e0s 16h30. O adiamento foi publicado no \u201cDi\u00e1rio Oficial do Munic\u00edpio\u201d do \u00faltimo s\u00e1bado. As escolas de samba receber\u00e3o aux\u00edlio de R$ 37.550, e os blocos caricatos, de R$ 18.750. J\u00e1 o governo do Estado lan\u00e7a hoje, oficialmente, o Carnaval de Minas Gerais. O evento ocorre \u00e0s 11h30, na Cidade Administrativa, e contar\u00e1 com a presen\u00e7a de blocos e bandas carnavalescas tradicionais de diferentes cidades hist\u00f3ricas do Estado.<\/p>\n<p>Ser\u00e3o divulgadas as a\u00e7\u00f5es do governo de Minas para que os foli\u00f5es aproveitem a festa.<\/p>\n<p><em>(O Tempo)<\/em><\/p>\n","protected":false},"excerpt":{"rendered":"<p>A Prefeitura de Diamantina, no Alto Jequitinhonha, est\u00e1 planejando a\u00e7\u00f5es para mudar radicalmente o perfil do Carnaval na cidade. Com o objetivo de dar uma apar\u00eancia mais tranquila \u00e0 folia no munic\u00edpio, a administra\u00e7\u00e3o aposta no resgate das tradi\u00e7\u00f5es culturais. A maior novidade para 2014 ser\u00e1 a substitui\u00e7\u00e3o dos palcos da rua da Quitanda e [&hellip;]<\/p>\n","protected":false},"author":1,"featured_media":13215,"comment_status":"open","ping_status":"closed","sticky":false,"template":"","format":"standard","meta":{"amp_status":"","footnotes":""},"categories":[120],"tags":[3649,3026,4470,198,4469],"class_list":["post-21579","post","type-post","status-publish","format-standard","has-post-thumbnail","hentry","category-jequi","tag-carnaval-2014","tag-carnaval-de-diamantina","tag-carnaval-de-diamantina-2014","tag-diamantina","tag-prefeitura-de-diamantina-planeja-mudar-radicalmente-o-perfil-do-carnaval-da-cidade"],"_links":{"self":[{"href":"https:\/\/aconteceunovale.com.br\/portal\/index.php?rest_route=\/wp\/v2\/posts\/21579","targetHints":{"allow":["GET"]}}],"collection":[{"href":"https:\/\/aconteceunovale.com.br\/portal\/index.php?rest_route=\/wp\/v2\/posts"}],"about":[{"href":"https:\/\/aconteceunovale.com.br\/portal\/index.php?rest_route=\/wp\/v2\/types\/post"}],"author":[{"embeddable":true,"href":"https:\/\/aconteceunovale.com.br\/portal\/index.php?rest_route=\/wp\/v2\/users\/1"}],"replies":[{"embeddable":true,"href":"https:\/\/aconteceunovale.com.br\/portal\/index.php?rest_route=%2Fwp%2Fv2%2Fcomments&post=21579"}],"version-history":[{"count":0,"href":"https:\/\/aconteceunovale.com.br\/portal\/index.php?rest_route=\/wp\/v2\/posts\/21579\/revisions"}],"wp:featuredmedia":[{"embeddable":true,"href":"https:\/\/aconteceunovale.com.br\/portal\/index.php?rest_route=\/wp\/v2\/media\/13215"}],"wp:attachment":[{"href":"https:\/\/aconteceunovale.com.br\/portal\/index.php?rest_route=%2Fwp%2Fv2%2Fmedia&parent=21579"}],"wp:term":[{"taxonomy":"category","embeddable":true,"href":"https:\/\/aconteceunovale.com.br\/portal\/index.php?rest_route=%2Fwp%2Fv2%2Fcategories&post=21579"},{"taxonomy":"post_tag","embeddable":true,"href":"https:\/\/aconteceunovale.com.br\/portal\/index.php?rest_route=%2Fwp%2Fv2%2Ftags&post=21579"}],"curies":[{"name":"wp","href":"https:\/\/api.w.org\/{rel}","templated":true}]}}