{"id":21576,"date":"2014-02-17T23:09:41","date_gmt":"2014-02-18T02:09:41","guid":{"rendered":"http:\/\/aconteceunovale.com.br\/portal\/?p=21576"},"modified":"2014-02-17T23:09:41","modified_gmt":"2014-02-18T02:09:41","slug":"secretaria-estadual-de-educacao-inaugura-obra-de-reforma-em-escola-do-vale-do-jequitinhonha","status":"publish","type":"post","link":"https:\/\/aconteceunovale.com.br\/portal\/?p=21576","title":{"rendered":"Secretaria Estadual de Educa\u00e7\u00e3o inaugura obra de reforma em escola do Vale do Jequitinhonha"},"content":{"rendered":"<p>A Secretaria de Estado de Educa\u00e7\u00e3o (SEE) inaugurou nesta ter\u00e7a-feira (17-02) uma obra de reforma no munic\u00edpio de Berilo, na regi\u00e3o do Vale do Jequitinhonha. A Escola Estadual de Leliv\u00e9lda ganhou nova pintura, interven\u00e7\u00f5es no telhado, na parte el\u00e9trica e hidr\u00e1ulica, entre outras. Foram investidos R$ 366.061,29 na obra.<\/p>\n<p><img decoding=\"async\" src=\"http:\/\/aconteceunovale.com.br\/portal\/wp-content\/uploads\/2014\/02\/escola_de_leliveldia.jpg\" alt=\"\" \/><br \/>\n<em>(Foto: Arquivo da escola)<\/em><\/p>\n<p>\u201cA reforma trouxe muitos benef\u00edcios para os alunos. Eles est\u00e3o estudando em uma escola mais aconchegante e o resultado disso est\u00e1 aparecendo nas avalia\u00e7\u00f5es. Tamb\u00e9m ganhamos mais espa\u00e7o para recrea\u00e7\u00e3o com a pavimenta\u00e7\u00e3o do p\u00e1tio\u201d, ressalta o diretor da escola, Nailson Eleut\u00e9rio dos Santos.<\/p>\n<p>A Escola Estadual de Leliv\u00e9lda atende a 720 alunos dos ensinos fundamental e m\u00e9dio. Entre os projetos desenvolvidos pela escola est\u00e1 o Projeto Educa\u00e7\u00e3o em Tempo Integral, da Secretaria de Estado de Educa\u00e7\u00e3o, que oferece atividade para os estudantes no contraturno das aulas.<\/p>\n","protected":false},"excerpt":{"rendered":"<p>A Secretaria de Estado de Educa\u00e7\u00e3o (SEE) inaugurou nesta ter\u00e7a-feira (17-02) uma obra de reforma no munic\u00edpio de Berilo, na regi\u00e3o do Vale do Jequitinhonha. A Escola Estadual de Leliv\u00e9lda ganhou nova pintura, interven\u00e7\u00f5es no telhado, na parte el\u00e9trica e hidr\u00e1ulica, entre outras. Foram investidos R$ 366.061,29 na obra. (Foto: Arquivo da escola) \u201cA reforma [&hellip;]<\/p>\n","protected":false},"author":1,"featured_media":21577,"comment_status":"open","ping_status":"closed","sticky":false,"template":"","format":"standard","meta":{"amp_status":"","footnotes":""},"categories":[120],"tags":[841,4468,4467,4466],"class_list":["post-21576","post","type-post","status-publish","format-standard","has-post-thumbnail","hentry","category-jequi","tag-berilo","tag-escola-estadual-de-leliveldia","tag-secretaria-estadual-de-educacao-inaugura-obra-de-reforma-em-escola-de-berilo","tag-secretaria-estadual-de-educacao-inaugura-obra-de-reforma-em-escola-do-vale-do-jequitinhonha"],"_links":{"self":[{"href":"https:\/\/aconteceunovale.com.br\/portal\/index.php?rest_route=\/wp\/v2\/posts\/21576","targetHints":{"allow":["GET"]}}],"collection":[{"href":"https:\/\/aconteceunovale.com.br\/portal\/index.php?rest_route=\/wp\/v2\/posts"}],"about":[{"href":"https:\/\/aconteceunovale.com.br\/portal\/index.php?rest_route=\/wp\/v2\/types\/post"}],"author":[{"embeddable":true,"href":"https:\/\/aconteceunovale.com.br\/portal\/index.php?rest_route=\/wp\/v2\/users\/1"}],"replies":[{"embeddable":true,"href":"https:\/\/aconteceunovale.com.br\/portal\/index.php?rest_route=%2Fwp%2Fv2%2Fcomments&post=21576"}],"version-history":[{"count":0,"href":"https:\/\/aconteceunovale.com.br\/portal\/index.php?rest_route=\/wp\/v2\/posts\/21576\/revisions"}],"wp:featuredmedia":[{"embeddable":true,"href":"https:\/\/aconteceunovale.com.br\/portal\/index.php?rest_route=\/wp\/v2\/media\/21577"}],"wp:attachment":[{"href":"https:\/\/aconteceunovale.com.br\/portal\/index.php?rest_route=%2Fwp%2Fv2%2Fmedia&parent=21576"}],"wp:term":[{"taxonomy":"category","embeddable":true,"href":"https:\/\/aconteceunovale.com.br\/portal\/index.php?rest_route=%2Fwp%2Fv2%2Fcategories&post=21576"},{"taxonomy":"post_tag","embeddable":true,"href":"https:\/\/aconteceunovale.com.br\/portal\/index.php?rest_route=%2Fwp%2Fv2%2Ftags&post=21576"}],"curies":[{"name":"wp","href":"https:\/\/api.w.org\/{rel}","templated":true}]}}