{"id":21573,"date":"2014-02-17T22:56:41","date_gmt":"2014-02-18T01:56:41","guid":{"rendered":"http:\/\/aconteceunovale.com.br\/portal\/?p=21573"},"modified":"2014-02-17T22:56:41","modified_gmt":"2014-02-18T01:56:41","slug":"mst-e-servidores-protestam-durante-visita-de-dilma-em-valadares","status":"publish","type":"post","link":"https:\/\/aconteceunovale.com.br\/portal\/?p=21573","title":{"rendered":"MST e servidores protestam durante visita de Dilma em Valadares"},"content":{"rendered":"<p>Integrantes do Movimento dos Trabalhadores Rurais Sem Terra (MST) e funcion\u00e1rios da \u00e1rea de Sa\u00fade de Governador Valadares promoveram protestos para recepcionar a presidente Dilma Rousseff, que nesta segunda-feira (13), participou de dois eventos na cidade do leste mineiro. Os primeiros cobram agilidade na reforma agr\u00e1ria, enquanto os funcion\u00e1rios do Hospital Municipal da cidade tentavam &#8220;sensibilizar&#8221; a presidente e a prefeita Elisa Costa (PT) para que libere pagamentos atrasados.<\/p>\n<p><img decoding=\"async\" src=\"http:\/\/aconteceunovale.com.br\/portal\/wp-content\/uploads\/2014\/02\/manifestantes_visita_dilma_gv_17_02.jpg\" alt=\"\" \/><br \/>\n<em><strong>Manifestantes estiveram no aeroporto de Governador Valadares na chegada da presidente Dilma Rousseff. (Foto: Diego Souza)<\/strong><\/em><\/p>\n<p>&#8220;A gente reconhece avan\u00e7os na \u00e1rea social. Mas distribui\u00e7\u00e3o de renda e reforma agr\u00e1ria n\u00e3o houve. Em 2013, o governo assentou 5 mil fam\u00edlias, que \u00e9 menos do que foi assentado durante o governo do (Ernesto) Geisel, que era ditadura militar&#8221;, disparou \u00canio Bohnenberger, da coordena\u00e7\u00e3o nacional do MST, segundo o qual ainda h\u00e1 pelo menos 105 mil fam\u00edlias acampadas em \u00e1reas invadidas. Por meio de sua assessoria, o Instituto Nacional de Coloniza\u00e7\u00e3o e Reforma Agr\u00e1ria (Incra) contestou o dado do diretor da entidade e afirmou que no ano passado foram assentadas 30.239 fam\u00edlias.<\/p>\n<p>Nos tr\u00eas primeiros anos de governo, o governo federal fez uma s\u00e9rie de concess\u00f5es aos ruralistas e ao agroneg\u00f3cio e, h\u00e1 meses de a presidente tentar a reelei\u00e7\u00e3o, tenta uma reaproxima\u00e7\u00e3o com trabalhadores rurais. Na semana passada, Dilma recebeu representantes do movimento ap\u00f3s protesto que terminou em confronto com a pol\u00edcia que resultou em mais de 30 de feridos em Bras\u00edlia (DF).<\/p>\n<p>&#8220;A gente achou estranho. N\u00e3o tinha pedido de audi\u00eancia. Ela (Dilma) chamou, mas n\u00e3o ofereceu nada&#8221;, declarou Bohnenberger. &#8220;N\u00e3o temos nenhuma esperan\u00e7a de que haver\u00e1 mais desapropria\u00e7\u00f5es este ano, por o Incra est\u00e1 sem recursos&#8221;, desabafou. &#8220;O governo prioriza o agroneg\u00f3cio, que chamamos de agricultura sem agricultor&#8221;, concluiu.<\/p>\n<p><em>(Ag\u00eancia Estado)<\/em><\/p>\n","protected":false},"excerpt":{"rendered":"<p>Integrantes do Movimento dos Trabalhadores Rurais Sem Terra (MST) e funcion\u00e1rios da \u00e1rea de Sa\u00fade de Governador Valadares promoveram protestos para recepcionar a presidente Dilma Rousseff, que nesta segunda-feira (13), participou de dois eventos na cidade do leste mineiro. Os primeiros cobram agilidade na reforma agr\u00e1ria, enquanto os funcion\u00e1rios do Hospital Municipal da cidade tentavam [&hellip;]<\/p>\n","protected":false},"author":1,"featured_media":21574,"comment_status":"open","ping_status":"closed","sticky":false,"template":"","format":"standard","meta":{"amp_status":"","footnotes":""},"categories":[121],"tags":[247,4465],"class_list":["post-21573","post","type-post","status-publish","format-standard","has-post-thumbnail","hentry","category-leste","tag-governador-valadares","tag-mst-e-servidores-protestam-durante-visita-de-dilma-em-valadares"],"_links":{"self":[{"href":"https:\/\/aconteceunovale.com.br\/portal\/index.php?rest_route=\/wp\/v2\/posts\/21573","targetHints":{"allow":["GET"]}}],"collection":[{"href":"https:\/\/aconteceunovale.com.br\/portal\/index.php?rest_route=\/wp\/v2\/posts"}],"about":[{"href":"https:\/\/aconteceunovale.com.br\/portal\/index.php?rest_route=\/wp\/v2\/types\/post"}],"author":[{"embeddable":true,"href":"https:\/\/aconteceunovale.com.br\/portal\/index.php?rest_route=\/wp\/v2\/users\/1"}],"replies":[{"embeddable":true,"href":"https:\/\/aconteceunovale.com.br\/portal\/index.php?rest_route=%2Fwp%2Fv2%2Fcomments&post=21573"}],"version-history":[{"count":0,"href":"https:\/\/aconteceunovale.com.br\/portal\/index.php?rest_route=\/wp\/v2\/posts\/21573\/revisions"}],"wp:featuredmedia":[{"embeddable":true,"href":"https:\/\/aconteceunovale.com.br\/portal\/index.php?rest_route=\/wp\/v2\/media\/21574"}],"wp:attachment":[{"href":"https:\/\/aconteceunovale.com.br\/portal\/index.php?rest_route=%2Fwp%2Fv2%2Fmedia&parent=21573"}],"wp:term":[{"taxonomy":"category","embeddable":true,"href":"https:\/\/aconteceunovale.com.br\/portal\/index.php?rest_route=%2Fwp%2Fv2%2Fcategories&post=21573"},{"taxonomy":"post_tag","embeddable":true,"href":"https:\/\/aconteceunovale.com.br\/portal\/index.php?rest_route=%2Fwp%2Fv2%2Ftags&post=21573"}],"curies":[{"name":"wp","href":"https:\/\/api.w.org\/{rel}","templated":true}]}}