{"id":21542,"date":"2014-02-17T17:05:11","date_gmt":"2014-02-17T20:05:11","guid":{"rendered":"http:\/\/aconteceunovale.com.br\/portal\/?p=21542"},"modified":"2014-02-17T17:05:11","modified_gmt":"2014-02-17T20:05:11","slug":"dilma-afirma-que-problemas-com-maquinas-do-pac-sao-esperados","status":"publish","type":"post","link":"https:\/\/aconteceunovale.com.br\/portal\/?p=21542","title":{"rendered":"Dilma afirma que problemas com m\u00e1quinas do PAC s\u00e3o esperados"},"content":{"rendered":"<p>A presidente Dilma Rousseff afirmou nesta segunda-feira (17), em Governador Valadares (MG), que eventuais problemas no uso de maquin\u00e1rio doado pelo governo federal para prefeituras s\u00e3o &#8220;esperados&#8221; devido \u00e0 dimens\u00e3o do programa PAC Equipamentos, pelo qual as m\u00e1quinas s\u00e3o repassadas aos munic\u00edpios.<\/p>\n<p><img decoding=\"async\" src=\"http:\/\/aconteceunovale.com.br\/portal\/wp-content\/uploads\/2014\/02\/dilma_diz_que_problemas_pac_normais.jpg\" alt=\"\" \/><br \/>\n<em>(Foto: Roberto Stuckert Filho)<\/em><\/p>\n<p>Para Dilma, o tamanho do programa e o fato de j\u00e1 ter distribu\u00eddo 18 mil m\u00e1quinas pelo pa\u00eds faz com que seja normal o surgimento de problemas &#8220;aqui e ali&#8221;.<\/p>\n<p>&#8220;Mesmo com cr\u00edticas, um programa dessa dimens\u00e3o&#8230; Sabe quantas m\u00e1quinas s\u00e3o? S\u00e3o 18 mil m\u00e1quinas que n\u00f3s compramos. Um programa dessa dimens\u00e3o dando um problema aqui, outro ali, \u00e9 absolutamente esperado&#8221;, disse a presidente.<\/p>\n<p>Em Governador Valadares (MG), a presidente entregou 36 motoniveladoras e 56 p\u00e1s carregadeiras para prefeituras da regi\u00e3o.<\/p>\n<p>Reportagem do jornal &#8220;O Estado de S. Paulo&#8221; desta segunda informou que uma apura\u00e7\u00e3o em andamento da Controladoria-Geral da Uni\u00e3o (CGU) aponta falhas no uso das m\u00e1quinas doadas pelo governo. De acordo com o jornal, em uma amostra, CGU constatou que 18% das m\u00e1quinas entregues est\u00e3o mal conservadas, 43% n\u00e3o realizaram nenhuma obra e, em muitos casos, os operadores que usavam as m\u00e1quinas n\u00e3o eram capacitados para lidar com o equipamento.<\/p>\n<p>Por meio da assessoria de imprensa, a CGU confirmou nesta segunda-feira (17) a exist\u00eancia de an\u00e1lise relacionada ao PAC Equipamentos, mas informou que os trabalhos est\u00e3o em fase preliminar. A controladoria n\u00e3o detalhou o conte\u00fado do documento e informou n\u00e3o haver previs\u00e3o de quando o relat\u00f3rio ser\u00e1 conclu\u00eddo.<\/p>\n<p>Em seu discurso, Dilma ainda deu orienta\u00e7\u00f5es sobre a forma\u00e7\u00e3o de operadores para usar as m\u00e1quinas. Segundo ela, o governo federal colocou &#8220;como condi\u00e7\u00e3o para o contrato&#8221; com as empresas fornecedoras os treinamentos dos trabalhadores que ir\u00e3o operar o equipamento.<\/p>\n<p>&#8220;Ent\u00e3o, vamos supor que na prefeitura do seu Jos\u00e9 ou da dona \u00c2ngela tenha um operador antigo das m\u00e1quinas. Olha, coloca ele para fazer o curso que vai ser melhor, porque ele vai operar uma m\u00e1quina mais sofisticada. Ent\u00e3o, ele vai saber operar melhor, e a m\u00e1quina vai ter um ganho porque ela vai ter menos \u00f4nus e, assim, ela vai durar esse per\u00edodo inicial muito mais&#8221;, disse.<\/p>\n<p>Dilma disse que gostaria de insistir nessa quest\u00e3o porque tem sido &#8220;objeto de muita cr\u00edtica o fato que n\u00e3o est\u00e3o cuidando dessa quest\u00e3o da opera\u00e7\u00e3o adequada das m\u00e1quinas&#8221;.<\/p>\n<p>O ministro do Desenvolvimento Agr\u00e1rio, Pepe Vargas, que tamb\u00e9m participou da entrega, afirmou que as m\u00e1quinas devem ser usadas em estradas vicinais p\u00fablicas.<\/p>\n<p>&#8220;Mesmo que voc\u00eas [prefeitos] sofram press\u00e3o da comunidade para utilizar, eventualmente, para outra finalidade, a finalidade \u00e9 para usar nas estradas vicinais, p\u00fablicas&#8221;, declarou.<\/p>\n<p>Mais cedo, antes do evento de entrega dos equipamentos, a presidente participou, tamb\u00e9m em Governador Valadares,  da formatura de alunos do Programa Nacional de Acesso ao Ensino T\u00e9cnico e Emprego (Pronatec).<\/p>\n<p><em>(Inter TV dos Vales)<\/em><\/p>\n","protected":false},"excerpt":{"rendered":"<p>A presidente Dilma Rousseff afirmou nesta segunda-feira (17), em Governador Valadares (MG), que eventuais problemas no uso de maquin\u00e1rio doado pelo governo federal para prefeituras s\u00e3o &#8220;esperados&#8221; devido \u00e0 dimens\u00e3o do programa PAC Equipamentos, pelo qual as m\u00e1quinas s\u00e3o repassadas aos munic\u00edpios. (Foto: Roberto Stuckert Filho) Para Dilma, o tamanho do programa e o fato [&hellip;]<\/p>\n","protected":false},"author":1,"featured_media":21543,"comment_status":"open","ping_status":"closed","sticky":false,"template":"","format":"standard","meta":{"amp_status":"","footnotes":""},"categories":[6],"tags":[4446,247,4441],"class_list":["post-21542","post","type-post","status-publish","format-standard","has-post-thumbnail","hentry","category-br","tag-dilma-afirma-que-problemas-com-maquinas-do-pac-sao-esperados","tag-governador-valadares","tag-maquinas-do-pac"],"_links":{"self":[{"href":"https:\/\/aconteceunovale.com.br\/portal\/index.php?rest_route=\/wp\/v2\/posts\/21542","targetHints":{"allow":["GET"]}}],"collection":[{"href":"https:\/\/aconteceunovale.com.br\/portal\/index.php?rest_route=\/wp\/v2\/posts"}],"about":[{"href":"https:\/\/aconteceunovale.com.br\/portal\/index.php?rest_route=\/wp\/v2\/types\/post"}],"author":[{"embeddable":true,"href":"https:\/\/aconteceunovale.com.br\/portal\/index.php?rest_route=\/wp\/v2\/users\/1"}],"replies":[{"embeddable":true,"href":"https:\/\/aconteceunovale.com.br\/portal\/index.php?rest_route=%2Fwp%2Fv2%2Fcomments&post=21542"}],"version-history":[{"count":0,"href":"https:\/\/aconteceunovale.com.br\/portal\/index.php?rest_route=\/wp\/v2\/posts\/21542\/revisions"}],"wp:featuredmedia":[{"embeddable":true,"href":"https:\/\/aconteceunovale.com.br\/portal\/index.php?rest_route=\/wp\/v2\/media\/21543"}],"wp:attachment":[{"href":"https:\/\/aconteceunovale.com.br\/portal\/index.php?rest_route=%2Fwp%2Fv2%2Fmedia&parent=21542"}],"wp:term":[{"taxonomy":"category","embeddable":true,"href":"https:\/\/aconteceunovale.com.br\/portal\/index.php?rest_route=%2Fwp%2Fv2%2Fcategories&post=21542"},{"taxonomy":"post_tag","embeddable":true,"href":"https:\/\/aconteceunovale.com.br\/portal\/index.php?rest_route=%2Fwp%2Fv2%2Ftags&post=21542"}],"curies":[{"name":"wp","href":"https:\/\/api.w.org\/{rel}","templated":true}]}}