{"id":21539,"date":"2014-02-17T17:00:19","date_gmt":"2014-02-17T20:00:19","guid":{"rendered":"http:\/\/aconteceunovale.com.br\/portal\/?p=21539"},"modified":"2014-02-17T17:00:19","modified_gmt":"2014-02-17T20:00:19","slug":"trem-com-carga-de-minerio-de-ferro-tomba-em-belo-oriente","status":"publish","type":"post","link":"https:\/\/aconteceunovale.com.br\/portal\/?p=21539","title":{"rendered":"Trem com carga de min\u00e9rio de ferro tomba em Belo Oriente"},"content":{"rendered":"<p>Nesta segunda-feira (17), por volta das 13h, 27 vag\u00f5es de uma composi\u00e7\u00e3o ferrovi\u00e1ria, carregados com min\u00e9rio de ferro, tombaram na Estrada de Ferro Vit\u00f3ria a Minas (EFVM), nos trilhos da cidade de Belo Oriente (MG). Segundo a assessoria de comunica\u00e7\u00e3o da Vale ningu\u00e9m se feriu.<\/p>\n<p><img decoding=\"async\" src=\"http:\/\/aconteceunovale.com.br\/portal\/wp-content\/uploads\/2014\/02\/trem_tomba_em_belo_oriente_17_02.jpg\" alt=\"\" \/><br \/>\n<em>(Foto: Maria Freitas)<\/em><\/p>\n<p>Ainda de acordo com a assessoria, em virtude do acidente, o trem de passageiro que saiu do Esp\u00edrito Santo com destino a Minas Gerais circular\u00e1 at\u00e9 Governador Valadares e, de l\u00e1, retornar\u00e1 \u00e0 esta\u00e7\u00e3o ferrovi\u00e1ria Pedro Nolasco, em Cariacica (ES).<\/p>\n<p><strong>Solu\u00e7\u00f5es<\/strong><\/p>\n<p>A empresa diz que para garantir a viagem dos passageiros, que j\u00e1 estiverem embarcados, a Vale ir\u00e1 disponibilizar \u00f4nibus para lev\u00e1-los at\u00e9 a esta\u00e7\u00e3o Intendente C\u00e2mara, em Ipatinga, onde embarcar\u00e3o na composi\u00e7\u00e3o que faz o percurso de Belo Horizonte ao Esp\u00edrito Santo e seguir\u00e3o viagem at\u00e9 o seu destino final.<\/p>\n<p>A mesma opera\u00e7\u00e3o ocorrer\u00e1 com o trem que seguia viagem de Belo Horizonte para o Esp\u00edrito Santo. A composi\u00e7\u00e3o circular\u00e1 at\u00e9 a esta\u00e7\u00e3o ferrovi\u00e1ria Intendente C\u00e2mara, em Ipatinga, de onde retornar\u00e1 para a capital mineira.<\/p>\n<p>Os passageiros que j\u00e1 estiverem no trem ser\u00e3o levados de Ipatinga a Governador Valadares em \u00f4nibus disponibilizados pela Vale e embarcados com destino ao Esp\u00edrito Santo e esta\u00e7\u00f5es intermedi\u00e1rias entre a cidade mineira e o litoral capixaba.<\/p>\n<p>J\u00e1 os passageiros que iriam embarcar nas esta\u00e7\u00f5es intermedi\u00e1rias poder\u00e3o solicitar o reembolso da passagem ou remarcar a viagem para uma outra data, no prazo de at\u00e9 30 dias. A previs\u00e3o de retorno dos servi\u00e7os \u00e9 para quarta-feira (19). <\/p>\n<p><em>(Inter TV dos Vales)<\/em><\/p>\n","protected":false},"excerpt":{"rendered":"<p>Nesta segunda-feira (17), por volta das 13h, 27 vag\u00f5es de uma composi\u00e7\u00e3o ferrovi\u00e1ria, carregados com min\u00e9rio de ferro, tombaram na Estrada de Ferro Vit\u00f3ria a Minas (EFVM), nos trilhos da cidade de Belo Oriente (MG). Segundo a assessoria de comunica\u00e7\u00e3o da Vale ningu\u00e9m se feriu. (Foto: Maria Freitas) Ainda de acordo com a assessoria, em [&hellip;]<\/p>\n","protected":false},"author":1,"featured_media":21540,"comment_status":"open","ping_status":"closed","sticky":false,"template":"","format":"standard","meta":{"amp_status":"","footnotes":""},"categories":[121],"tags":[350,4445],"class_list":["post-21539","post","type-post","status-publish","format-standard","has-post-thumbnail","hentry","category-leste","tag-belo-oriente","tag-trem-com-carga-de-minerio-de-ferro-tomba-em-belo-oriente"],"_links":{"self":[{"href":"https:\/\/aconteceunovale.com.br\/portal\/index.php?rest_route=\/wp\/v2\/posts\/21539","targetHints":{"allow":["GET"]}}],"collection":[{"href":"https:\/\/aconteceunovale.com.br\/portal\/index.php?rest_route=\/wp\/v2\/posts"}],"about":[{"href":"https:\/\/aconteceunovale.com.br\/portal\/index.php?rest_route=\/wp\/v2\/types\/post"}],"author":[{"embeddable":true,"href":"https:\/\/aconteceunovale.com.br\/portal\/index.php?rest_route=\/wp\/v2\/users\/1"}],"replies":[{"embeddable":true,"href":"https:\/\/aconteceunovale.com.br\/portal\/index.php?rest_route=%2Fwp%2Fv2%2Fcomments&post=21539"}],"version-history":[{"count":0,"href":"https:\/\/aconteceunovale.com.br\/portal\/index.php?rest_route=\/wp\/v2\/posts\/21539\/revisions"}],"wp:featuredmedia":[{"embeddable":true,"href":"https:\/\/aconteceunovale.com.br\/portal\/index.php?rest_route=\/wp\/v2\/media\/21540"}],"wp:attachment":[{"href":"https:\/\/aconteceunovale.com.br\/portal\/index.php?rest_route=%2Fwp%2Fv2%2Fmedia&parent=21539"}],"wp:term":[{"taxonomy":"category","embeddable":true,"href":"https:\/\/aconteceunovale.com.br\/portal\/index.php?rest_route=%2Fwp%2Fv2%2Fcategories&post=21539"},{"taxonomy":"post_tag","embeddable":true,"href":"https:\/\/aconteceunovale.com.br\/portal\/index.php?rest_route=%2Fwp%2Fv2%2Ftags&post=21539"}],"curies":[{"name":"wp","href":"https:\/\/api.w.org\/{rel}","templated":true}]}}