{"id":21383,"date":"2014-02-15T17:12:27","date_gmt":"2014-02-15T19:12:27","guid":{"rendered":"http:\/\/aconteceunovale.com.br\/portal\/?p=21383"},"modified":"2014-02-16T19:50:56","modified_gmt":"2014-02-16T22:50:56","slug":"mae-das-vitimas-do-acidente-com-onibus-em-montes-claros-nao-resiste-e-morre","status":"publish","type":"post","link":"https:\/\/aconteceunovale.com.br\/portal\/?p=21383","title":{"rendered":"M\u00e3e das v\u00edtimas do acidente com \u00f4nibus em Montes Claros n\u00e3o resiste e morre"},"content":{"rendered":"<p>Morreu na tarde deste s\u00e1bado a terceira v\u00edtima de um atropelamento por \u00f4nibus em Montes Claros, no Norte de Minas. Renata Faria de Jesus Oliveira, de 24 anos, estava internada na Santa Casa da cidade, mas n\u00e3o resistiu aos graves ferimentos da pelve e da perna direita. Os corpos dos dois filhos de Renata, que morreram no local do acidente, foram sepultados na tarde deste s\u00e1bado. O motorista que dirigia o ve\u00edculo que atingiu a fam\u00edlia j\u00e1 foi identificado. A dire\u00e7\u00e3o da empresa respons\u00e1vel pelo \u00f4nibus anunciou que Jos\u00e9 Elias de Carvalho vai se apresentar \u00e0 pol\u00edcia na pr\u00f3xima segunda-feira acompanhado de um advogado. <\/p>\n<p><img decoding=\"async\" src=\"http:\/\/aconteceunovale.com.br\/portal\/wp-content\/uploads\/2014\/02\/acidente_onibus_moc_14.jpg\" alt=\"\" \/><\/p>\n<p>Conforme boletim de ocorr\u00eancia da PM, o \u00f4nibus seguia pela Avenida Sol Nascente, na Vila Sion, e fez uma convers\u00e3o \u00e0 esquerda para entrar na avenida Paulista, principal via de acesso da Vila Sion. Nesse momento, Renata seguia de bicicleta, com os filhos, logo atr\u00e1s, tentou fazer a ultrapassagem e a bicicleta foi atingida pelo \u00f4nibus. As crian\u00e7as ficaram presas \u00e0s rodas traseiras do ve\u00edculo e uma das v\u00edtimas foi arrastada por cerca de 20 metros, segundo testemunhas. Ketlen e Vitor tiveram morte instant\u00e2nea. Renata ficou com o corpo debaixo do eixo traseiro do \u00f4nibus, de onde foi retirada pelo Corpo de Bombeiros.<\/p>\n<p>O \u00f4nibus, que transportava funcion\u00e1rios de uma empresa av\u00edcola, era dirigido por Jos\u00e9 Elias, que, com medo de ser linchado, saiu do local do acidente. Revoltados, moradores chegaram atirar pedras no ve\u00edculo. Ainda na sexta-feira, o diretor da via\u00e7\u00e3o, Luiz Carlos Maia Batista, afirmou que o motorista pretende se apresentar \u00e0 pol\u00edcia. O empres\u00e1rio tamb\u00e9m garantiu que a empresa vai prestar toda assist\u00eancia \u00e0 fam\u00edlia das v\u00edtimas. Os corpos das crian\u00e7as foram enterrados no Cemit\u00e9rio Parque Jardim da Esperan\u00e7a.<\/p>\n<p><em>(Fonte: Estado de Minas)<\/em><\/p>\n","protected":false},"excerpt":{"rendered":"<p>Morreu na tarde deste s\u00e1bado a terceira v\u00edtima de um atropelamento por \u00f4nibus em Montes Claros, no Norte de Minas. Renata Faria de Jesus Oliveira, de 24 anos, estava internada na Santa Casa da cidade, mas n\u00e3o resistiu aos graves ferimentos da pelve e da perna direita. Os corpos dos dois filhos de Renata, que [&hellip;]<\/p>\n","protected":false},"author":1,"featured_media":21478,"comment_status":"open","ping_status":"closed","sticky":false,"template":"","format":"standard","meta":{"amp_status":"","footnotes":""},"categories":[1236],"tags":[4338,4319,4346,4347,4339,210,4345,4348],"class_list":["post-21383","post","type-post","status-publish","format-standard","has-post-thumbnail","hentry","category-norte_de_minas","tag-criancas-morrem-atropeladas-por-onibus-em-montes-claros","tag-irmaos-de-2-e-6-anos-morrem-atropelados-por-onibus-em-montes-claros","tag-jose-elias-de-carvalho","tag-kletlyn-vitoria-de-oliveira-silva","tag-mae-das-vitimas-do-acidente-com-onibus-em-montes-claros-nao-resiste-e-morre","tag-montes-claros","tag-renata-faria-de-jesus-oliveira","tag-victor-kauan-de-jesus-oliveira-silva"],"_links":{"self":[{"href":"https:\/\/aconteceunovale.com.br\/portal\/index.php?rest_route=\/wp\/v2\/posts\/21383","targetHints":{"allow":["GET"]}}],"collection":[{"href":"https:\/\/aconteceunovale.com.br\/portal\/index.php?rest_route=\/wp\/v2\/posts"}],"about":[{"href":"https:\/\/aconteceunovale.com.br\/portal\/index.php?rest_route=\/wp\/v2\/types\/post"}],"author":[{"embeddable":true,"href":"https:\/\/aconteceunovale.com.br\/portal\/index.php?rest_route=\/wp\/v2\/users\/1"}],"replies":[{"embeddable":true,"href":"https:\/\/aconteceunovale.com.br\/portal\/index.php?rest_route=%2Fwp%2Fv2%2Fcomments&post=21383"}],"version-history":[{"count":0,"href":"https:\/\/aconteceunovale.com.br\/portal\/index.php?rest_route=\/wp\/v2\/posts\/21383\/revisions"}],"wp:featuredmedia":[{"embeddable":true,"href":"https:\/\/aconteceunovale.com.br\/portal\/index.php?rest_route=\/wp\/v2\/media\/21478"}],"wp:attachment":[{"href":"https:\/\/aconteceunovale.com.br\/portal\/index.php?rest_route=%2Fwp%2Fv2%2Fmedia&parent=21383"}],"wp:term":[{"taxonomy":"category","embeddable":true,"href":"https:\/\/aconteceunovale.com.br\/portal\/index.php?rest_route=%2Fwp%2Fv2%2Fcategories&post=21383"},{"taxonomy":"post_tag","embeddable":true,"href":"https:\/\/aconteceunovale.com.br\/portal\/index.php?rest_route=%2Fwp%2Fv2%2Ftags&post=21383"}],"curies":[{"name":"wp","href":"https:\/\/api.w.org\/{rel}","templated":true}]}}