{"id":21373,"date":"2014-02-15T11:28:40","date_gmt":"2014-02-15T13:28:40","guid":{"rendered":"http:\/\/aconteceunovale.com.br\/portal\/?p=21373"},"modified":"2014-02-15T11:28:40","modified_gmt":"2014-02-15T13:28:40","slug":"moradores-de-gouveia-cobram-continuidade-de-obra-parada-a-mais-de-um-ano","status":"publish","type":"post","link":"https:\/\/aconteceunovale.com.br\/portal\/?p=21373","title":{"rendered":"Moradores de Gouveia cobram continuidade de obra parada a mais de um ano"},"content":{"rendered":"<p>O munic\u00edpio de Gouveia, na regi\u00e3o do Alto Jequitinhonha, tem 550 crian\u00e7as com idades entre 0 e 4 anos, segundo os \u00faltimos dados do Instituto Brasileiro de Geografia e Estat\u00edstica (IBGE), de 2010. O problema \u00e9 que a \u00fanica creche da cidade tem capacidade para receber apenas 150 delas. Uma outra unidade, com estrutura para atender 250 alunos, est\u00e1 com obras paradas h\u00e1 pelo menos um ano.<\/p>\n<p><img decoding=\"async\" src=\"http:\/\/aconteceunovale.com.br\/portal\/wp-content\/uploads\/2014\/02\/creche_gouveia_1.jpg\" alt=\"\" \/><br \/>\n<em><strong>Abandonado e tomado pelo mato, local virou atrativo para animais<\/strong><\/em><\/p>\n<p>De acordo com o prefeito Geraldo de F\u00e1tima de Oliveira (PV), a obra custaria R$ 915 mil, com recursos do governo federal \u2013 j\u00e1 foram gastos R$ 710 mil. As interven\u00e7\u00f5es come\u00e7aram em abril de 2010, com previs\u00e3o de t\u00e9rmino em um ano. Em 2012, a empresa Castro Neves Empreendimentos Ltda, respons\u00e1vel pela obra, solicitou um aditivo para terminar a constru\u00e7\u00e3o. A prefeitura informou que havia uma \u201ccompleta inconsist\u00eancia entre a proposta contratada e a nova planilha apresentada\u2019. Por isso, n\u00e3o aceitou o montante pedido, de mais 30% do valor inicial da obra.<\/p>\n<p>Diante do impasse, a empreiteira abandonou a obra e o contrato foi encerrado. O munic\u00edpio promoveu novo processo licitat\u00f3rio para a conclus\u00e3o da creche em 29 de janeiro. A previs\u00e3o para retomada dos trabalhos \u00e9 na pr\u00f3xima quarta-feira.<\/p>\n<p>Segundo Geraldo Oliveira, 80% da obra est\u00e1 conclu\u00edda e as interven\u00e7\u00f5es est\u00e3o paradas h\u00e1 um ano. A Castro Neves foi procurada na tarde de ontem, mas ningu\u00e9m atendeu nos n\u00fameros de telefone dispon\u00edveis no site.<\/p>\n<p><strong>\u00c0 espera <\/strong><\/p>\n<p>Os moradores de Gouveia rebatem a informa\u00e7\u00e3o do prefeito e dizem que as obras est\u00e3o paradas h\u00e1 dois anos. O pintor Paulo Merquides Fernandes, 35, tem uma filha de 1 ano e reclama da demora na conclus\u00e3o da creche. \u201cMinha mulher sempre trabalhou, mas teve que deixar o emprego para ficar em casa cuidando da nossa filha por n\u00e3o ter com quem deixar. E eu tenho trabalhado o dobro para manter o padr\u00e3o de vida que t\u00ednhamos\u201d, disse.<\/p>\n<p><img decoding=\"async\" src=\"http:\/\/aconteceunovale.com.br\/portal\/wp-content\/uploads\/2014\/02\/creche_gouveia_2.jpg\" alt=\"\" \/><br \/>\n<strong><em>(Foto: Williton Brand\u00e3o Silva)<\/em><\/strong><\/p>\n<p><em>(Fonte: O Tempo)<\/em><\/p>\n","protected":false},"excerpt":{"rendered":"<p>O munic\u00edpio de Gouveia, na regi\u00e3o do Alto Jequitinhonha, tem 550 crian\u00e7as com idades entre 0 e 4 anos, segundo os \u00faltimos dados do Instituto Brasileiro de Geografia e Estat\u00edstica (IBGE), de 2010. O problema \u00e9 que a \u00fanica creche da cidade tem capacidade para receber apenas 150 delas. Uma outra unidade, com estrutura para [&hellip;]<\/p>\n","protected":false},"author":1,"featured_media":21375,"comment_status":"open","ping_status":"closed","sticky":false,"template":"","format":"standard","meta":{"amp_status":"","footnotes":""},"categories":[120],"tags":[2998,4335,4333,4334],"class_list":["post-21373","post","type-post","status-publish","format-standard","has-post-thumbnail","hentry","category-jequi","tag-gouveia","tag-moradores-de-gouveia-cobram-continuidade-de-obra-parada-a-mais-de-um-ano","tag-obra-de-creche-parada-ha-um-ano-causa-revolta-na-populacao-de-gouveia","tag-obra-inacabada-gera-problemas-a-moradores-de-gouveia"],"_links":{"self":[{"href":"https:\/\/aconteceunovale.com.br\/portal\/index.php?rest_route=\/wp\/v2\/posts\/21373","targetHints":{"allow":["GET"]}}],"collection":[{"href":"https:\/\/aconteceunovale.com.br\/portal\/index.php?rest_route=\/wp\/v2\/posts"}],"about":[{"href":"https:\/\/aconteceunovale.com.br\/portal\/index.php?rest_route=\/wp\/v2\/types\/post"}],"author":[{"embeddable":true,"href":"https:\/\/aconteceunovale.com.br\/portal\/index.php?rest_route=\/wp\/v2\/users\/1"}],"replies":[{"embeddable":true,"href":"https:\/\/aconteceunovale.com.br\/portal\/index.php?rest_route=%2Fwp%2Fv2%2Fcomments&post=21373"}],"version-history":[{"count":0,"href":"https:\/\/aconteceunovale.com.br\/portal\/index.php?rest_route=\/wp\/v2\/posts\/21373\/revisions"}],"wp:featuredmedia":[{"embeddable":true,"href":"https:\/\/aconteceunovale.com.br\/portal\/index.php?rest_route=\/wp\/v2\/media\/21375"}],"wp:attachment":[{"href":"https:\/\/aconteceunovale.com.br\/portal\/index.php?rest_route=%2Fwp%2Fv2%2Fmedia&parent=21373"}],"wp:term":[{"taxonomy":"category","embeddable":true,"href":"https:\/\/aconteceunovale.com.br\/portal\/index.php?rest_route=%2Fwp%2Fv2%2Fcategories&post=21373"},{"taxonomy":"post_tag","embeddable":true,"href":"https:\/\/aconteceunovale.com.br\/portal\/index.php?rest_route=%2Fwp%2Fv2%2Ftags&post=21373"}],"curies":[{"name":"wp","href":"https:\/\/api.w.org\/{rel}","templated":true}]}}