{"id":21228,"date":"2014-02-14T10:03:47","date_gmt":"2014-02-14T12:03:47","guid":{"rendered":"http:\/\/aconteceunovale.com.br\/portal\/?p=21228"},"modified":"2014-02-14T10:03:47","modified_gmt":"2014-02-14T12:03:47","slug":"horario-de-verao-acaba-no-proximo-domingo","status":"publish","type":"post","link":"https:\/\/aconteceunovale.com.br\/portal\/?p=21228","title":{"rendered":"Hor\u00e1rio de ver\u00e3o acaba no pr\u00f3ximo domingo"},"content":{"rendered":"<p>Na madrugada do pr\u00f3ximo domingo, 16 de fevereiro, termina o hor\u00e1rio de ver\u00e3o, e os rel\u00f3gios devem ser atrasados em uma hora nos estados das regi\u00f5es Sul, Sudeste e Centro-Oeste. A medida come\u00e7ou a valer no dia 20 de outubro do ano passado.<\/p>\n<p>O governo ainda n\u00e3o divulgou os impactos da medida para o pa\u00eds. A expectativa do Minist\u00e9rio de Minas e Energia era que a redu\u00e7\u00e3o da demanda nos hor\u00e1rios de pico, com a ado\u00e7\u00e3o do hor\u00e1rio de ver\u00e3o no per\u00edodo 2013-2014, ficasse entre 4,5% e 5%, com redu\u00e7\u00e3o de consumo geral do sistema de 0,5% em m\u00e9dia.<\/p>\n<p>No Distrito Federal, a redu\u00e7\u00e3o da demanda m\u00e1xima de energia no hor\u00e1rio de pico (das 18h \u00e0s 21h) foi 4%, representando demanda da ordem de 45 megawatts (MW). Segundo a Companhia Energ\u00e9tica de Bras\u00edlia (CEB), a redu\u00e7\u00e3o equivale a, aproximadamente, um al\u00edvio no carregamento do sistema correspondente \u00e0 carga da cidade do Guar\u00e1 no hor\u00e1rio de ponta.<\/p>\n<p>No Brasil, o hor\u00e1rio de ver\u00e3o foi institu\u00eddo pela primeira vez no ver\u00e3o de 1931\/1932, pelo ent\u00e3o presidente Get\u00falio Vargas. A medida \u00e9 adotada sempre nesta \u00e9poca do ano, quando os dias s\u00e3o mais longos por causa da posi\u00e7\u00e3o da Terra em rela\u00e7\u00e3o ao Sol, e a luminosidade natural pode ser melhor aproveitada, reduzindo o consumo de energia nos hor\u00e1rios de pico e evitando o uso de energia gerada por termel\u00e9tricas, que \u00e9 mais cara e mais poluente do que a gerada pelas hidrel\u00e9tricas. Tamb\u00e9m no fim do ano h\u00e1 um aumento na demanda por energia, resultante do calor e do crescimento da produ\u00e7\u00e3o industrial por causa do Natal.<\/p>\n<p><img decoding=\"async\" src=\"http:\/\/aconteceunovale.com.br\/portal\/wp-content\/uploads\/2014\/02\/fim_do_horario_de_verao.jpg\" alt=\"\" \/><\/p>\n","protected":false},"excerpt":{"rendered":"<p>Na madrugada do pr\u00f3ximo domingo, 16 de fevereiro, termina o hor\u00e1rio de ver\u00e3o, e os rel\u00f3gios devem ser atrasados em uma hora nos estados das regi\u00f5es Sul, Sudeste e Centro-Oeste. A medida come\u00e7ou a valer no dia 20 de outubro do ano passado. O governo ainda n\u00e3o divulgou os impactos da medida para o pa\u00eds. [&hellip;]<\/p>\n","protected":false},"author":1,"featured_media":21229,"comment_status":"open","ping_status":"closed","sticky":false,"template":"","format":"standard","meta":{"amp_status":"","footnotes":""},"categories":[6],"tags":[4263],"class_list":["post-21228","post","type-post","status-publish","format-standard","has-post-thumbnail","hentry","category-br","tag-horario-de-verao-acaba-no-proximo-domingo"],"_links":{"self":[{"href":"https:\/\/aconteceunovale.com.br\/portal\/index.php?rest_route=\/wp\/v2\/posts\/21228","targetHints":{"allow":["GET"]}}],"collection":[{"href":"https:\/\/aconteceunovale.com.br\/portal\/index.php?rest_route=\/wp\/v2\/posts"}],"about":[{"href":"https:\/\/aconteceunovale.com.br\/portal\/index.php?rest_route=\/wp\/v2\/types\/post"}],"author":[{"embeddable":true,"href":"https:\/\/aconteceunovale.com.br\/portal\/index.php?rest_route=\/wp\/v2\/users\/1"}],"replies":[{"embeddable":true,"href":"https:\/\/aconteceunovale.com.br\/portal\/index.php?rest_route=%2Fwp%2Fv2%2Fcomments&post=21228"}],"version-history":[{"count":0,"href":"https:\/\/aconteceunovale.com.br\/portal\/index.php?rest_route=\/wp\/v2\/posts\/21228\/revisions"}],"wp:featuredmedia":[{"embeddable":true,"href":"https:\/\/aconteceunovale.com.br\/portal\/index.php?rest_route=\/wp\/v2\/media\/21229"}],"wp:attachment":[{"href":"https:\/\/aconteceunovale.com.br\/portal\/index.php?rest_route=%2Fwp%2Fv2%2Fmedia&parent=21228"}],"wp:term":[{"taxonomy":"category","embeddable":true,"href":"https:\/\/aconteceunovale.com.br\/portal\/index.php?rest_route=%2Fwp%2Fv2%2Fcategories&post=21228"},{"taxonomy":"post_tag","embeddable":true,"href":"https:\/\/aconteceunovale.com.br\/portal\/index.php?rest_route=%2Fwp%2Fv2%2Ftags&post=21228"}],"curies":[{"name":"wp","href":"https:\/\/api.w.org\/{rel}","templated":true}]}}