{"id":21226,"date":"2014-02-14T00:25:50","date_gmt":"2014-02-14T02:25:50","guid":{"rendered":"http:\/\/aconteceunovale.com.br\/portal\/?p=21226"},"modified":"2014-02-14T15:35:20","modified_gmt":"2014-02-14T17:35:20","slug":"motorista-atropela-e-arrasta-crianca-de-7-anos-em-sao-joao-evangelista","status":"publish","type":"post","link":"https:\/\/aconteceunovale.com.br\/portal\/?p=21226","title":{"rendered":"Motorista atropela e arrasta crian\u00e7a de 7 anos em S\u00e3o Jo\u00e3o Evangelista"},"content":{"rendered":"<p>Uma crian\u00e7a de apenas 7 anos de idade, identificada como Caroline J\u00fania Matias da Silva, foi atropelada e arrastada nesta quinta-feira (13\/02) na rua Davi Bicalho (Rua do Supermercado Bicalho), centro de S\u00e3o Jo\u00e3o Evangelista\/MG.<\/p>\n<p>Segundo informa\u00e7\u00f5es de testemunhas, uma caminhonete de uma empresa que presta servi\u00e7os para a CEMIG, trafegava na via p\u00fablica em alta velocidade, quando pr\u00f3ximo ao cart\u00f3rio de registros atropelou e arrastou por alguns metros uma crian\u00e7a que havia descido de um ve\u00edculo do transporte escolar. O motorista ainda teria tentado frear o ve\u00edculo, mas n\u00e3o conseguiu evitar o acidente.<\/p>\n<p>Uma moradora da rua que presenciou o acidente informou a crian\u00e7a estava com fraturas expostas de alta gravidade em um dos p\u00e9s.<\/p>\n<p>A v\u00edtima foi socorrida pelo pr\u00f3prio motorista e conduzida at\u00e9 o Hospital de S\u00e3o Jo\u00e3o Evangelista e posteriormente foi encaminhada para o Hospital Municipal de Governador Valadares.<\/p>\n<p>A Pol\u00edcia Civil da cidade informou que o motorista foi ouvido e s\u00f3 ap\u00f3s investiga\u00e7\u00f5es poder\u00e1 informar o grau de responsabilidade do motorista e da v\u00edtima. <em>\u201cA per\u00edcia vem hoje \u00e0 cidade para fazer uma vistoria no ve\u00edculo da empresa e tamb\u00e9m no local do acidente, j\u00e1 que as marcas da frenagem ainda est\u00e3o l\u00e1. Testemunhas ser\u00e3o ouvidas para que, juntamente com o laudo pericial, possamos descobrir se o fato foi uma fatalidade ou se foi neglig\u00eancia ou imprud\u00eancia por parte do motorista\u201d<\/em>, esclareceu o delegado Dr. Felipe Lig\u00f3rio.<\/p>\n<p><strong>CRIAN\u00c7A PASSA BEM<\/strong><\/p>\n<p>Nossa reportagem entrou em contato com o Hospital de Governador Valadares para saber o estado da crian\u00e7a e fomos informados que ela passa bem. Um boato se espalhou pela cidade e redes sociais que o p\u00e9 da crian\u00e7a seria amputado, mas felizmente isso n\u00e3o \u00e9 verdade. Segundo o m\u00e9dico que atendeu a v\u00edtima, foi realizado um procedimento de enxerto para recupera\u00e7\u00e3o do membro que foi esmagado no acidente. O m\u00e9dico ainda tranquilizou a fam\u00edlia e amigos, de acordo com ele a crian\u00e7a est\u00e1 muito bem.<\/p>\n<p><img decoding=\"async\" src=\"http:\/\/aconteceunovale.com.br\/portal\/wp-content\/uploads\/2013\/12\/acidente_arte.png\" alt=\"\" \/><\/p>\n","protected":false},"excerpt":{"rendered":"<p>Uma crian\u00e7a de apenas 7 anos de idade, identificada como Caroline J\u00fania Matias da Silva, foi atropelada e arrastada nesta quinta-feira (13\/02) na rua Davi Bicalho (Rua do Supermercado Bicalho), centro de S\u00e3o Jo\u00e3o Evangelista\/MG. Segundo informa\u00e7\u00f5es de testemunhas, uma caminhonete de uma empresa que presta servi\u00e7os para a CEMIG, trafegava na via p\u00fablica em [&hellip;]<\/p>\n","protected":false},"author":1,"featured_media":16470,"comment_status":"open","ping_status":"closed","sticky":false,"template":"","format":"standard","meta":{"amp_status":"","footnotes":""},"categories":[121],"tags":[4262,4261,162],"class_list":["post-21226","post","type-post","status-publish","format-standard","has-post-thumbnail","hentry","category-leste","tag-acidente-com-menina-perto-da-casa-loterica-de-sao-joao-evangelista","tag-motorista-atropela-e-arrasta-crianca-de-7-anos-em-sao-joao-evangelista","tag-sao-joao-evangelista"],"_links":{"self":[{"href":"https:\/\/aconteceunovale.com.br\/portal\/index.php?rest_route=\/wp\/v2\/posts\/21226","targetHints":{"allow":["GET"]}}],"collection":[{"href":"https:\/\/aconteceunovale.com.br\/portal\/index.php?rest_route=\/wp\/v2\/posts"}],"about":[{"href":"https:\/\/aconteceunovale.com.br\/portal\/index.php?rest_route=\/wp\/v2\/types\/post"}],"author":[{"embeddable":true,"href":"https:\/\/aconteceunovale.com.br\/portal\/index.php?rest_route=\/wp\/v2\/users\/1"}],"replies":[{"embeddable":true,"href":"https:\/\/aconteceunovale.com.br\/portal\/index.php?rest_route=%2Fwp%2Fv2%2Fcomments&post=21226"}],"version-history":[{"count":0,"href":"https:\/\/aconteceunovale.com.br\/portal\/index.php?rest_route=\/wp\/v2\/posts\/21226\/revisions"}],"wp:featuredmedia":[{"embeddable":true,"href":"https:\/\/aconteceunovale.com.br\/portal\/index.php?rest_route=\/wp\/v2\/media\/16470"}],"wp:attachment":[{"href":"https:\/\/aconteceunovale.com.br\/portal\/index.php?rest_route=%2Fwp%2Fv2%2Fmedia&parent=21226"}],"wp:term":[{"taxonomy":"category","embeddable":true,"href":"https:\/\/aconteceunovale.com.br\/portal\/index.php?rest_route=%2Fwp%2Fv2%2Fcategories&post=21226"},{"taxonomy":"post_tag","embeddable":true,"href":"https:\/\/aconteceunovale.com.br\/portal\/index.php?rest_route=%2Fwp%2Fv2%2Ftags&post=21226"}],"curies":[{"name":"wp","href":"https:\/\/api.w.org\/{rel}","templated":true}]}}