{"id":21219,"date":"2014-02-13T21:54:23","date_gmt":"2014-02-13T23:54:23","guid":{"rendered":"http:\/\/aconteceunovale.com.br\/portal\/?p=21219"},"modified":"2014-02-13T22:05:20","modified_gmt":"2014-02-14T00:05:20","slug":"patio-de-veiculos-apreendidos-em-minas-novas-esta-livre-do-mato-e-entulho","status":"publish","type":"post","link":"https:\/\/aconteceunovale.com.br\/portal\/?p=21219","title":{"rendered":"P\u00e1tio de ve\u00edculos apreendidos em Minas Novas est\u00e1 livre do mato e entulho"},"content":{"rendered":"<p><em><strong>(REDA\u00c7\u00c3O DO PORTAL ACONTECEU NO VALE &#8211; Por Vicente Alves)<\/strong><\/em><\/p>\n<p>No \u00faltimo dia 24 de janeiro de 2014, denunciamos aqui no Portal Aconteceu no Vale a situa\u00e7\u00e3o ca\u00f3tica do p\u00e1tio do DETRAN em Minas Novas, no Vale do Jequitinhonha.<\/p>\n<p>Na ocasi\u00e3o mostramos fotos do p\u00e1tio tomado pelo mato e entulho. Mostramos tamb\u00e9m relatos de moradores incomodados com a presen\u00e7a de animais pe\u00e7onhentos e presen\u00e7a de focos do mosquito da dengue no local.<\/p>\n<p>Divulgamos a den\u00fancia dos moradores e voltamos a falar sobre o assunto para mostrar as medidas tomadas por parte do DETRAN de Minas Novas para solucionar o problema.<\/p>\n<p>Nesta quinta-feira, 13 de fevereiro, nossa equipe de reportagem passou pelo local e registrou o p\u00e1tio totalmente limpo, livre do mato alto e entulhos. <\/p>\n<p>Parabenizamos o respons\u00e1vel pela institui\u00e7\u00e3o pelo trabalho realizado em benef\u00edcio \u00e0 popula\u00e7\u00e3o de Minas Novas.<\/p>\n<p><em><strong>SITUA\u00c7\u00c3O DO P\u00c1TIO NO DIA 13\/02\/2014<\/strong><\/em><\/p>\n<p><img decoding=\"async\" src=\"http:\/\/aconteceunovale.com.br\/portal\/wp-content\/uploads\/2014\/02\/patio_detran_minas_novas_limpo_13_02.jpg\" alt=\"\" \/><\/p>\n<p><em><strong>SITUA\u00c7\u00c3O DO P\u00c1TIO NO DIA 24\/01\/2014<\/strong><\/em><\/p>\n<p><img decoding=\"async\" src=\"http:\/\/aconteceunovale.com.br\/portal\/wp-content\/uploads\/2014\/01\/foto_patio_detran_minas_novas_4.jpg\" alt=\"\" \/><\/p>\n","protected":false},"excerpt":{"rendered":"<p>(REDA\u00c7\u00c3O DO PORTAL ACONTECEU NO VALE &#8211; Por Vicente Alves) No \u00faltimo dia 24 de janeiro de 2014, denunciamos aqui no Portal Aconteceu no Vale a situa\u00e7\u00e3o ca\u00f3tica do p\u00e1tio do DETRAN em Minas Novas, no Vale do Jequitinhonha. Na ocasi\u00e3o mostramos fotos do p\u00e1tio tomado pelo mato e entulho. Mostramos tamb\u00e9m relatos de moradores [&hellip;]<\/p>\n","protected":false},"author":1,"featured_media":21220,"comment_status":"open","ping_status":"closed","sticky":false,"template":"","format":"standard","meta":{"amp_status":"","footnotes":""},"categories":[120],"tags":[137,4259,3472,3471],"class_list":["post-21219","post","type-post","status-publish","format-standard","has-post-thumbnail","hentry","category-jequi","tag-minas-novas","tag-patio-de-veiculos-apreendidos-em-minas-novas-esta-livre-do-mato-e-entulho","tag-patio-do-detran-de-minas-novas","tag-patio-do-detran-em-minas-novas-virou-deposito-de-entulho-e-moradia-para-animais-peconhentos"],"_links":{"self":[{"href":"https:\/\/aconteceunovale.com.br\/portal\/index.php?rest_route=\/wp\/v2\/posts\/21219","targetHints":{"allow":["GET"]}}],"collection":[{"href":"https:\/\/aconteceunovale.com.br\/portal\/index.php?rest_route=\/wp\/v2\/posts"}],"about":[{"href":"https:\/\/aconteceunovale.com.br\/portal\/index.php?rest_route=\/wp\/v2\/types\/post"}],"author":[{"embeddable":true,"href":"https:\/\/aconteceunovale.com.br\/portal\/index.php?rest_route=\/wp\/v2\/users\/1"}],"replies":[{"embeddable":true,"href":"https:\/\/aconteceunovale.com.br\/portal\/index.php?rest_route=%2Fwp%2Fv2%2Fcomments&post=21219"}],"version-history":[{"count":0,"href":"https:\/\/aconteceunovale.com.br\/portal\/index.php?rest_route=\/wp\/v2\/posts\/21219\/revisions"}],"wp:featuredmedia":[{"embeddable":true,"href":"https:\/\/aconteceunovale.com.br\/portal\/index.php?rest_route=\/wp\/v2\/media\/21220"}],"wp:attachment":[{"href":"https:\/\/aconteceunovale.com.br\/portal\/index.php?rest_route=%2Fwp%2Fv2%2Fmedia&parent=21219"}],"wp:term":[{"taxonomy":"category","embeddable":true,"href":"https:\/\/aconteceunovale.com.br\/portal\/index.php?rest_route=%2Fwp%2Fv2%2Fcategories&post=21219"},{"taxonomy":"post_tag","embeddable":true,"href":"https:\/\/aconteceunovale.com.br\/portal\/index.php?rest_route=%2Fwp%2Fv2%2Ftags&post=21219"}],"curies":[{"name":"wp","href":"https:\/\/api.w.org\/{rel}","templated":true}]}}