{"id":21214,"date":"2014-02-13T21:16:55","date_gmt":"2014-02-13T23:16:55","guid":{"rendered":"http:\/\/aconteceunovale.com.br\/portal\/?p=21214"},"modified":"2014-02-13T21:20:33","modified_gmt":"2014-02-13T23:20:33","slug":"seguranca-publica-preocupa-moradores-de-minas-novas","status":"publish","type":"post","link":"https:\/\/aconteceunovale.com.br\/portal\/?p=21214","title":{"rendered":"Seguran\u00e7a p\u00fablica preocupa moradores de Minas Novas"},"content":{"rendered":"<p><em><strong>(REDA\u00c7\u00c3O DO PORTAL ACONTECEU NO VALE &#8211; Por Vicente Alves)<\/strong><\/em><\/p>\n<p>A presen\u00e7a de somente uma viatura da Pol\u00edcia Militar durante as rondas noturnas em Minas Novas, no Vale do Jequitinhonha, tem incomodado os cidad\u00e3os de bem da cidade. Muitos moradores reclamam do aumento da criminalidade nos \u00faltimos meses e pedem uma intensifica\u00e7\u00e3o no trabalho da PM com o acr\u00e9scimo de pelo menos mais uma viatura fazendo o patrulhamento nos bairros da cidade durante o per\u00edodo noturno.<\/p>\n<p><img decoding=\"async\" src=\"http:\/\/aconteceunovale.com.br\/portal\/wp-content\/uploads\/2014\/02\/entrevista_moradores_mn_radio_bs.jpg\" alt=\"\" \/><br \/>\n<strong><em>Moradores foram entrevistados sobre o assunto na r\u00e1dio Bom Sucesso<\/em><\/strong><\/p>\n<p>De acordo com moradores, nos \u00faltimos meses, o n\u00famero de assaltos a estabelecimentos comerciais e o furto de ve\u00edculos aumentaram consideravelmente. Os minasnovenses reclamam tamb\u00e9m do aumento no n\u00famero de usu\u00e1rios de entorpecentes, \u00e9 poss\u00edvel encontrar jovens fazendo uso de drogas il\u00edcitas no meio de ruas mais afastadas durante a noite, muitos acreditam que o aumento dos usu\u00e1rios de drogas podem estar ligados diretamente ao aumento do n\u00famero de furtos no com\u00e9rcio da cidade.<\/p>\n<p>Com o intuito de cobrar mais seguran\u00e7a, na \u00faltima ter\u00e7a-feira (11\/02), o empres\u00e1rio Geraldo Nogueira Pereira, o &#8220;G\u00eara&#8221; da Cer\u00e2mica MinaNova e os jovens minasnovenses Gilmar Alves, Eduardo Nogueira e Luiz Santos foram entrevistados em um programa da R\u00e1dio Bom Sucesso. <\/p>\n<p>Na oportunidade os moradores da cidade falaram sobre a falta de um patrulhamento mais intensivo, principalmente nas ruas mais afastadas. Os entrevistados falaram tamb\u00e9m a respeito da presen\u00e7a de pelo menos mais uma viatura nas ruas da cidade durante a noite, segundo eles, a presen\u00e7a de somente uma viatura n\u00e3o est\u00e1 suprindo a necessidade da cidade. Afirmaram ainda que enquanto a viatura est\u00e1 em um bairro, os criminosos est\u00e3o cometendo delitos em outro, e que, quando a viatura chega ao local, os meliantes j\u00e1 est\u00e3o longe dos olhos da pol\u00edcia.<\/p>\n<p>Os minasnovenses tamb\u00e9m aproveitaram o espa\u00e7o para pedir paz durante o per\u00edodo carnavalesco que se aproxima. \u201c\u00c9 um per\u00edodo em que a cidade recebe muita gente de outras cidades, e infelizmente, nem todos respeitam as leis\u201d, disse o morador Gilmar Alves.<\/p>\n<p>N\u00e3o queremos de forma alguma denegrir a imagem da Pol\u00edcia Militar ou colocar o aumento da criminalidade em Minas Novas toda \u201cnas costas\u201d dessa institui\u00e7\u00e3o que presta um bel\u00edssimo trabalho em todo o estado de Minas Gerais, estamos apenas publicando o apelo de v\u00e1rios cidad\u00e3os da cidade que procuram este ve\u00edculo de comunica\u00e7\u00e3o.<\/p>\n<p><strong><em>Tentamos falar com o tenente comandante do pelot\u00e3o de Minas Novas, mas infelizmente n\u00e3o o localizamos at\u00e9 a publica\u00e7\u00e3o. Gostar\u00edamos de publicar uma resposta da Pol\u00edcia Militar de Minas Novas para a sociedade minasnovenses em rela\u00e7\u00e3o ao apelo apresentado nesta not\u00edcia, caso seja de interesse do comandante da PM em Minas Novas, poder\u00e1 enviar nota para o e-mail contato@aconteceunovale.com.br<\/em><\/strong><\/p>\n","protected":false},"excerpt":{"rendered":"<p>(REDA\u00c7\u00c3O DO PORTAL ACONTECEU NO VALE &#8211; Por Vicente Alves) A presen\u00e7a de somente uma viatura da Pol\u00edcia Militar durante as rondas noturnas em Minas Novas, no Vale do Jequitinhonha, tem incomodado os cidad\u00e3os de bem da cidade. Muitos moradores reclamam do aumento da criminalidade nos \u00faltimos meses e pedem uma intensifica\u00e7\u00e3o no trabalho da [&hellip;]<\/p>\n","protected":false},"author":1,"featured_media":21215,"comment_status":"open","ping_status":"closed","sticky":false,"template":"","format":"standard","meta":{"amp_status":"","footnotes":""},"categories":[120],"tags":[137,4258],"class_list":["post-21214","post","type-post","status-publish","format-standard","has-post-thumbnail","hentry","category-jequi","tag-minas-novas","tag-seguranca-publica-preocupa-moradores-de-minas-novas"],"_links":{"self":[{"href":"https:\/\/aconteceunovale.com.br\/portal\/index.php?rest_route=\/wp\/v2\/posts\/21214","targetHints":{"allow":["GET"]}}],"collection":[{"href":"https:\/\/aconteceunovale.com.br\/portal\/index.php?rest_route=\/wp\/v2\/posts"}],"about":[{"href":"https:\/\/aconteceunovale.com.br\/portal\/index.php?rest_route=\/wp\/v2\/types\/post"}],"author":[{"embeddable":true,"href":"https:\/\/aconteceunovale.com.br\/portal\/index.php?rest_route=\/wp\/v2\/users\/1"}],"replies":[{"embeddable":true,"href":"https:\/\/aconteceunovale.com.br\/portal\/index.php?rest_route=%2Fwp%2Fv2%2Fcomments&post=21214"}],"version-history":[{"count":0,"href":"https:\/\/aconteceunovale.com.br\/portal\/index.php?rest_route=\/wp\/v2\/posts\/21214\/revisions"}],"wp:featuredmedia":[{"embeddable":true,"href":"https:\/\/aconteceunovale.com.br\/portal\/index.php?rest_route=\/wp\/v2\/media\/21215"}],"wp:attachment":[{"href":"https:\/\/aconteceunovale.com.br\/portal\/index.php?rest_route=%2Fwp%2Fv2%2Fmedia&parent=21214"}],"wp:term":[{"taxonomy":"category","embeddable":true,"href":"https:\/\/aconteceunovale.com.br\/portal\/index.php?rest_route=%2Fwp%2Fv2%2Fcategories&post=21214"},{"taxonomy":"post_tag","embeddable":true,"href":"https:\/\/aconteceunovale.com.br\/portal\/index.php?rest_route=%2Fwp%2Fv2%2Ftags&post=21214"}],"curies":[{"name":"wp","href":"https:\/\/api.w.org\/{rel}","templated":true}]}}