{"id":21202,"date":"2014-02-13T19:22:36","date_gmt":"2014-02-13T21:22:36","guid":{"rendered":"http:\/\/aconteceunovale.com.br\/portal\/?p=21202"},"modified":"2014-02-13T19:22:36","modified_gmt":"2014-02-13T21:22:36","slug":"comercio-de-melancias-no-mercado-de-aracuai-gera-polemica","status":"publish","type":"post","link":"https:\/\/aconteceunovale.com.br\/portal\/?p=21202","title":{"rendered":"Com\u00e9rcio de melancias no mercado de Ara\u00e7ua\u00ed gera pol\u00eamica"},"content":{"rendered":"<p>Alegando descumprimento do C\u00f3digo de Postura Municipal,  a  prefeitura de Ara\u00e7ua\u00ed,  no Vale do Jequitinhonha (MG) determinou  na quarta-feira (12) que tr\u00eas comerciantes, retirassem as bancas  onde h\u00e1 4 anos, eles comercializam melancias no p\u00e1tio externo do mercado municipal. A \u00e1rea \u00e9 utilizada como estacionamento.<\/p>\n<p><img decoding=\"async\" src=\"http:\/\/aconteceunovale.com.br\/portal\/wp-content\/uploads\/2014\/02\/barraca_melancia_ara_polemica.jpg\" alt=\"\" \/><\/p>\n<p>Dois policiais militares acompanharam o encarregado do mercado municipal, Valdir Pedro Ferreira, no cumprimento da medida administrativa.<\/p>\n<p>Os  tr\u00eas comerciantes da fruta foram notificados pela prefeitura no final de janeiro.<\/p>\n<p>A notifica\u00e7\u00e3o  informava a  eles de que a partir do dia 10 de fevereiro, estava proibido a instala\u00e7\u00e3o de bancas fixas no local.<\/p>\n<p>Eles chegaram a pedir um prazo de 40 dias para a retirada da mercadoria at\u00e9 ser encontrada uma solu\u00e7\u00e3o para o problema mas, n\u00e3o foram atendidos.<\/p>\n<p>\u201cAutorizamos o com\u00e9rcio somente nas sextas-feiras e nos s\u00e1bados, sendo no entanto, proibido instala\u00e7\u00e3o de bancas fixas no local&#8221;, avisou Valdir Pedro. \u201cEsta autorizado o com\u00e9rcio apenas em cima de caminh\u00f5es\u201d, completou  o encarregado.<\/p>\n<p>Ele explicou que nos outros dias da semana,  \u00e9 permitido  comercializar a fruta nas imedia\u00e7\u00f5es do mercado, por\u00e9m, elas devem ficar em cima da carroceria do caminh\u00e3o e n\u00e3o no espa\u00e7o p\u00fablico.<\/p>\n<p>&#8220;Esta alternativa s\u00f3 foi apresentada depois que chamamos a imprensa. Antes,estava autorizado o com\u00e9rcio somente nas sextas-feiras e s\u00e1bados&#8221;, disse um dos comerciantes.<\/p>\n<p>Eles pedem ainda a solu\u00e7\u00e3o para uma colega que n\u00e3o possui caminh\u00e3o para expor as frutas.<\/p>\n<p>Os comerciantes n\u00e3o aceitaram. Em protesto, eles distribu\u00edram todo o estoque da fruta, cerca de 50 melancias, para populares que estavam no mercado, na tarde desta quarta-feira. \u201cN\u00e3o temos onde guardar o produto\u201d, justificaram. \u201cO mercado n\u00e3o disp\u00f5e de espa\u00e7o para armazenar a mercadoria deles\u201d, afirmou Valdir Pedro.<\/p>\n<p>Os tr\u00eas comerciantes tentam agora junto \u00e0 prefeitura, uma autoriza\u00e7\u00e3o para instalar as bancas,  na cobertura externa do mercado. \u201cN\u00e3o tem mais espa\u00e7o\u201d, avisa Valdir Pedro, alegando ainda que as fatias das  frutas podem atrair abelhas e causar problemas nos usu\u00e1rios do mercado.<\/p>\n<p>&#8220;Este argumento n\u00e3o procede. As fatias ficar\u00e3o em estufas apropriadas&#8221;, garantem os comerciantes.<\/p>\n<p>Pelo menos 80 pequenos comerciantes ocupam a cobertura externa. <\/p>\n<p>Nos s\u00e1bados esse n\u00famero sobe, mas o encarregado do mercado n\u00e3o soube precisar ao certo,  o total de comerciantes que ocupam o espa\u00e7o.<\/p>\n<p>Inconformados com a medida, os vendedores de melancia  protocolaram um requerimento na prefeitura, com pedido de libera\u00e7\u00e3o de um espa\u00e7o na \u00e1rea coberta do mercado para instala\u00e7\u00e3o das bancas.<\/p>\n<p>A prefeitura tem prazo de 10 dias para dar uma resposta.<\/p>\n<p>\u201cVamos lutar pelos nossos direitos\u201d, garantem os comerciantes.<\/p>\n<p><strong>Queda de bra\u00e7o<\/strong><\/p>\n<p>O caso se transformou em uma grande pol\u00eamica. Um dia antes de se esgotar o prazo para que os comerciantes desocupassem a \u00e1rea, o presidente da C\u00e2mara enviou of\u00edcio ao prefeito solicitando a revoga\u00e7\u00e3o da medida.<\/p>\n<p>Um abaixo assinado com 342 assinaturas de apoio aos comerciantes, foi anexado ao pedido, que n\u00e3o foi acatado pelo prefeito, Armando Paix\u00e3o (PT).<\/p>\n<p>A medida divide opini\u00f5es. \u201cA princ\u00edpio, a ocupa\u00e7\u00e3o da \u00e1rea p\u00fablica por vendedores ambulantes \u00e9 ilegal, j\u00e1 que a \u00e1rea \u00e9 usada para estacionamento. Imaginem se todos resolvem colocar uma barraquinha no local?\u201d, disse um advogado.<\/p>\n<p>Por muitos anos, a \u00e1rea foi ocupada por camel\u00f4s que h\u00e1 3 anos,  foram transferidos para uma \u00e1rea constru\u00edda anexa ao mercado. Desde ent\u00e3o,  o espa\u00e7o passou a ser usado como estacionamento.<\/p>\n<p>No entanto, outros comerciantes  passaram a dividir a \u00e1rea reservada aos carros,  com o com\u00e9rcio ambulante de frutas e verduras, principalmente aos s\u00e1bados, dia de feira.<\/p>\n<p>\u201cSempre pagamos pelo uso do espa\u00e7o. N\u00e3o entendemos o por que desta decis\u00e3o\u201d, disse Mauro Ribeiro da Cruz. Ele e um s\u00f3cio, pagam R$ 60 reais por semana  para permanecer na \u00e1rea de pouco mais de 4 metros quadrados.<\/p>\n<p>&#8220;Somos pais de fam\u00edlia, temos filhos para criar. Este \u00e9 o nosso trabalho. Exigimos uma solu\u00e7\u00e3o\u201d, argumenta Fernando Pereira de Sousa, 31 anos. H\u00e1 4 anos ele e o cunhado Mauro Ribeiro da Cruz J\u00fanior fazem o com\u00e9rcio da fruta em Ara\u00e7ua\u00ed, desde que sa\u00edram da cidade vizinha de Salinas para se instalarem  em Ara\u00e7ua\u00ed.<\/p>\n<p>O mercado municipal de Ara\u00e7ua\u00ed, constru\u00eddo em 1961 \u00e9 considerado um dos maiores da regi\u00e3o. &#8220;Tem espa\u00e7o para todo mundo&#8221;, argumenta T\u00e2nia Maria Gon\u00e7alves. Ela possui uma banca para revenda de roupas, na \u00e1rea externa do mercado.<\/p>\n<p>Os comerciantes aguardam para a ter\u00e7a-feira (18) o agendamento de uma audi\u00eancia com o prefeito, secret\u00e1ria de Desenvolvimento Sustent\u00e1vel, o encarregado do mercado e representante do Legislativo.<\/p>\n<p><em><strong>(Fonte: Gazeta de Ara\u00e7ua\u00ed)<\/strong><\/em><\/p>\n","protected":false},"excerpt":{"rendered":"<p>Alegando descumprimento do C\u00f3digo de Postura Municipal, a prefeitura de Ara\u00e7ua\u00ed, no Vale do Jequitinhonha (MG) determinou na quarta-feira (12) que tr\u00eas comerciantes, retirassem as bancas onde h\u00e1 4 anos, eles comercializam melancias no p\u00e1tio externo do mercado municipal. A \u00e1rea \u00e9 utilizada como estacionamento. Dois policiais militares acompanharam o encarregado do mercado municipal, Valdir [&hellip;]<\/p>\n","protected":false},"author":1,"featured_media":21203,"comment_status":"open","ping_status":"closed","sticky":false,"template":"","format":"standard","meta":{"amp_status":"","footnotes":""},"categories":[120],"tags":[186,4254],"class_list":["post-21202","post","type-post","status-publish","format-standard","has-post-thumbnail","hentry","category-jequi","tag-aracuai","tag-comercio-de-melancias-no-mercado-de-aracuai-gera-polemica"],"_links":{"self":[{"href":"https:\/\/aconteceunovale.com.br\/portal\/index.php?rest_route=\/wp\/v2\/posts\/21202","targetHints":{"allow":["GET"]}}],"collection":[{"href":"https:\/\/aconteceunovale.com.br\/portal\/index.php?rest_route=\/wp\/v2\/posts"}],"about":[{"href":"https:\/\/aconteceunovale.com.br\/portal\/index.php?rest_route=\/wp\/v2\/types\/post"}],"author":[{"embeddable":true,"href":"https:\/\/aconteceunovale.com.br\/portal\/index.php?rest_route=\/wp\/v2\/users\/1"}],"replies":[{"embeddable":true,"href":"https:\/\/aconteceunovale.com.br\/portal\/index.php?rest_route=%2Fwp%2Fv2%2Fcomments&post=21202"}],"version-history":[{"count":0,"href":"https:\/\/aconteceunovale.com.br\/portal\/index.php?rest_route=\/wp\/v2\/posts\/21202\/revisions"}],"wp:featuredmedia":[{"embeddable":true,"href":"https:\/\/aconteceunovale.com.br\/portal\/index.php?rest_route=\/wp\/v2\/media\/21203"}],"wp:attachment":[{"href":"https:\/\/aconteceunovale.com.br\/portal\/index.php?rest_route=%2Fwp%2Fv2%2Fmedia&parent=21202"}],"wp:term":[{"taxonomy":"category","embeddable":true,"href":"https:\/\/aconteceunovale.com.br\/portal\/index.php?rest_route=%2Fwp%2Fv2%2Fcategories&post=21202"},{"taxonomy":"post_tag","embeddable":true,"href":"https:\/\/aconteceunovale.com.br\/portal\/index.php?rest_route=%2Fwp%2Fv2%2Ftags&post=21202"}],"curies":[{"name":"wp","href":"https:\/\/api.w.org\/{rel}","templated":true}]}}