{"id":21198,"date":"2014-02-13T19:14:12","date_gmt":"2014-02-13T21:14:12","guid":{"rendered":"http:\/\/aconteceunovale.com.br\/portal\/?p=21198"},"modified":"2014-02-13T19:14:12","modified_gmt":"2014-02-13T21:14:12","slug":"35-mil-folioes-sao-esperados-no-carnaval-de-grao-mogol","status":"publish","type":"post","link":"https:\/\/aconteceunovale.com.br\/portal\/?p=21198","title":{"rendered":"35 mil foli\u00f5es s\u00e3o esperados no Carnaval de Gr\u00e3o Mogol"},"content":{"rendered":"<p>Com 15 mil habitantes, a rotina do pacato munic\u00edpio de Gr\u00e3o Mogol vai ficar movimentada com a chegada de 35 mil foli\u00f5es no per\u00edodo de Carnaval.<\/p>\n<p><img decoding=\"async\" src=\"http:\/\/aconteceunovale.com.br\/portal\/wp-content\/uploads\/2014\/02\/carnaval_grao_mogol_2.jpg\" alt=\"\" \/><br \/>\n<em>(Bloco das Virgens &#8211; Foto: Edi\u00e7\u00e3o 2010)<\/em><\/p>\n<p>A multid\u00e3o \u00e9 atra\u00edda principalmente belas belezas naturais e hist\u00f3rico-culturais da cidade conhecida como &#8220;diamante do sert\u00e3o mineiro&#8221;.<\/p>\n<p>A express\u00e3o faz refer\u00eancia \u00e0 explora\u00e7\u00e3o da pedra preciosa, que teve in\u00edcio no final do s\u00e9culo XVIII. Muitos brasileiros e estrangeiros se mudaram para o ent\u00e3o povoado de Serra de Santo Ant\u00f4nio do Itacambira\u00e7u, elevado \u00e0 categoria de cidade em 1858. <\/p>\n<p>Na programa\u00e7\u00e3o de um dos Carnavais mais tradicionais do Norte de Minas, haver\u00e1 mais de 10 bandas de v\u00e1rios estilos musicais, al\u00e9m das que tocam marchinhas e desfile de blocos. (Confira a programa\u00e7\u00e3o completa abaixo)<\/p>\n<p>O secret\u00e1rio de Comunica\u00e7\u00e3o, Daniel Pereira, diz que a cidade atrai turistas de todo mundo, mas a maior parte vem da regi\u00e3o. &#8220;Recebemos um p\u00fablico misto, pois nossos atrativos tur\u00edsticos proporcionam diferentes formas de lazer, que agradam tanto a quem quer descansar, quanto a quem deseja badalar.\u201d<\/p>\n<p>Duas atra\u00e7\u00f5es que mant\u00eam viva a tradi\u00e7\u00e3o da festa em Gr\u00e3o Mogol , e que fazem sucesso com foli\u00f5es, s\u00e3o a fanfarra e o bloco das Virgens.<\/p>\n<p>\u00c9dson Pereira conta que a fanfarra tem 50 integrantes de v\u00e1rias faixas et\u00e1rias. &#8220;Esperamos muito pelo Carnaval. Nos preparamos durante todo o ano, ensaiamos diariamente e nos dedicamos para trazer alegria para os foli\u00f5es\u201d.<\/p>\n<p>A fanfarra acompanha o desfile do Bloco das Virgens, no qual homens e mulheres invertem os pap\u00e9is e desfilam pelas ruas do centro hist\u00f3rico da cidade. Cerca de cinco mil foli\u00f5es s\u00e3o esperados.<\/p>\n<p><strong>Belezas naturais e hist\u00f3ricas<\/strong><\/p>\n<p><img decoding=\"async\" src=\"http:\/\/aconteceunovale.com.br\/portal\/wp-content\/uploads\/2014\/02\/carnaval_grao_mogol_1.jpg\" alt=\"\" \/><br \/>\n<em>(Gr\u00e3o Mogol\/MG)<\/em><\/p>\n<p>E a folia em Gr\u00e3o Mogol tamb\u00e9m pode ser desfrutada nas in\u00fameras cachoeiras, com destaque para a do V\u00e9u das Noivas, localizada na V\u00e1rzea dos Quart\u00e9is, com \u00e1guas escuras e queda de aproximadamente 30 metros.<\/p>\n<p>A praia do Vau tamb\u00e9m \u00e9 uma das belezas naturais que mais atrai turistas. A praia fica \u00e0s margens do Rio Itacambira\u00e7\u00fa e tem pequenas grutas, nascentes e areia branca.<\/p>\n<p>Os turistas podem ainda visitar o s\u00edtios arqueol\u00f3gicos, com in\u00fameras pinturas rupestres e a trilha do Bar\u00e3o, constru\u00edda pelos escravos de Gualter Martins Pereira, conhecido como bar\u00e3o de Gr\u00e3o Mogol, no s\u00e9culo XVIII, para ligar a casa da fam\u00edlia \u00e0 cidade. <\/p>\n<p>Gr\u00e3o Mogol tem tamb\u00e9m o maior pres\u00e9pio a c\u00e9u aberto do mundo, o &#8220;M\u00e3os de Deus&#8221;, com 3.600 m\u00b2, inaugurado em dezembro de 2011. A obra tem imagens com mais de dois metros de altura. Outra atra\u00e7\u00e3o tur\u00edstica ligada \u00e0 religi\u00e3o \u00e9 a Matriz de Santo Ant\u00f4nio, igreja que leva o nome do padroeiro da cidade, constru\u00edda em pedras, no s\u00e9culo XIX, por escravos.<\/p>\n<p><strong>Programa\u00e7\u00e3o<\/strong><\/p>\n<p><strong>Sexta<\/strong><\/p>\n<p>Palco Principal (das 23:00 \u00e0s 5:00)<br \/>\n&#8211; Banda Som do Povo<br \/>\n&#8211; Banda Maracutaia<\/p>\n<p><strong>S\u00e1bado<\/strong><\/p>\n<p>Palco Alternativo (das 15:00 \u00e0s 20:00)<br \/>\n&#8211; Banda Pankad\u00e3o Baiano<br \/>\n&#8211; Banda Mr. Jones<\/p>\n<p>Rua Direita da Cidade (das 20:00 \u00e0s 22:00)<br \/>\n&#8211; Banda de Marchinhas \u201cA Furiosa\u201d<\/p>\n<p>Palco Principal (das 23 \u00e0s 05:00)<br \/>\n&#8211; Bui\u00fa e Banda<br \/>\n&#8211; Banda Maracutaia<\/p>\n<p><strong>Domingo<\/strong><\/p>\n<p>Palco Alternativo (das 15:00 \u00e0s 20:00)<br \/>\n&#8211; Banda Pankad\u00e3o Baiano<br \/>\n&#8211; Banda Mr. Jones<\/p>\n<p>Rua Direita da Cidade (das 20:00 \u00e0s 22:00)<br \/>\n&#8211; Desfile do Bloco Infantil \u201cAnjos e Pastores\u201d<br \/>\n&#8211; Banda de Marchinhas \u201cA Furiosa\u201d<\/p>\n<p>Palco Principal (das 23 \u00e0s 05:00)<br \/>\n&#8211; Banda Duas Medidas<br \/>\n&#8211; Banda Mega<\/p>\n<p><strong>Segunda<\/strong><\/p>\n<p>Palco Alternativo (das 14:00 \u00e0s 16:00)<br \/>\n&#8211; Banda Pankad\u00e3o Baiano<\/p>\n<p>Tradicional Bloco das Virgens (das 17:00 \u00e0s 20:00)<br \/>\n&#8211; Desfile no Circuito de Carnaval animado pelo cantor Karromba e sua Banda de Marchinhas<\/p>\n<p>Rua Direita da Cidade (das 21:00 \u00e0s 22:30)<br \/>\n&#8211; Banda de Marchinhas \u201cA Furiosa<\/p>\n<p>Palco Principal (das 23 \u00e0s 05:00)<br \/>\n&#8211; Banda Levada Louca<br \/>\n&#8211; Banda Mega<\/p>\n<p><strong>Ter\u00e7a<\/strong><\/p>\n<p>Rua Direita da Cidade (das 19:00 \u00e0s 20:30)<br \/>\n&#8211; Banda de Marchinhas \u201cA Furiosa\u201d<\/p>\n<p>Palco Principal (das 21: \u00e0s 03:00)<br \/>\n&#8211; Rosy Banda<br \/>\n&#8211; Banda Sollo<\/p>\n","protected":false},"excerpt":{"rendered":"<p>Com 15 mil habitantes, a rotina do pacato munic\u00edpio de Gr\u00e3o Mogol vai ficar movimentada com a chegada de 35 mil foli\u00f5es no per\u00edodo de Carnaval. (Bloco das Virgens &#8211; Foto: Edi\u00e7\u00e3o 2010) A multid\u00e3o \u00e9 atra\u00edda principalmente belas belezas naturais e hist\u00f3rico-culturais da cidade conhecida como &#8220;diamante do sert\u00e3o mineiro&#8221;. A express\u00e3o faz refer\u00eancia [&hellip;]<\/p>\n","protected":false},"author":1,"featured_media":21199,"comment_status":"open","ping_status":"closed","sticky":false,"template":"","format":"standard","meta":{"amp_status":"","footnotes":""},"categories":[1236],"tags":[4252,3649,4253,1153],"class_list":["post-21198","post","type-post","status-publish","format-standard","has-post-thumbnail","hentry","category-norte_de_minas","tag-35-mil-folioes-sao-esperados-no-carnaval-de-grao-mogol","tag-carnaval-2014","tag-carnaval-de-grao-mogol","tag-grao-mogol"],"_links":{"self":[{"href":"https:\/\/aconteceunovale.com.br\/portal\/index.php?rest_route=\/wp\/v2\/posts\/21198","targetHints":{"allow":["GET"]}}],"collection":[{"href":"https:\/\/aconteceunovale.com.br\/portal\/index.php?rest_route=\/wp\/v2\/posts"}],"about":[{"href":"https:\/\/aconteceunovale.com.br\/portal\/index.php?rest_route=\/wp\/v2\/types\/post"}],"author":[{"embeddable":true,"href":"https:\/\/aconteceunovale.com.br\/portal\/index.php?rest_route=\/wp\/v2\/users\/1"}],"replies":[{"embeddable":true,"href":"https:\/\/aconteceunovale.com.br\/portal\/index.php?rest_route=%2Fwp%2Fv2%2Fcomments&post=21198"}],"version-history":[{"count":0,"href":"https:\/\/aconteceunovale.com.br\/portal\/index.php?rest_route=\/wp\/v2\/posts\/21198\/revisions"}],"wp:featuredmedia":[{"embeddable":true,"href":"https:\/\/aconteceunovale.com.br\/portal\/index.php?rest_route=\/wp\/v2\/media\/21199"}],"wp:attachment":[{"href":"https:\/\/aconteceunovale.com.br\/portal\/index.php?rest_route=%2Fwp%2Fv2%2Fmedia&parent=21198"}],"wp:term":[{"taxonomy":"category","embeddable":true,"href":"https:\/\/aconteceunovale.com.br\/portal\/index.php?rest_route=%2Fwp%2Fv2%2Fcategories&post=21198"},{"taxonomy":"post_tag","embeddable":true,"href":"https:\/\/aconteceunovale.com.br\/portal\/index.php?rest_route=%2Fwp%2Fv2%2Ftags&post=21198"}],"curies":[{"name":"wp","href":"https:\/\/api.w.org\/{rel}","templated":true}]}}