{"id":21195,"date":"2014-02-13T19:01:35","date_gmt":"2014-02-13T21:01:35","guid":{"rendered":"http:\/\/aconteceunovale.com.br\/portal\/?p=21195"},"modified":"2014-02-13T20:00:14","modified_gmt":"2014-02-13T22:00:14","slug":"oito-homens-sao-presos-suspeitos-de-contrabando-de-cigarro-no-norte-de-minas","status":"publish","type":"post","link":"https:\/\/aconteceunovale.com.br\/portal\/?p=21195","title":{"rendered":"Oito homens s\u00e3o presos suspeitos de contrabando de cigarro no Norte de Minas"},"content":{"rendered":"<p>Oito homens foram presos, na manh\u00e3 desta quinta-feira (13), suspeitos de contrabando de cigarros em Montes Claros, no Norte de Minas Gerais. O grupo estava em um s\u00edtio pr\u00f3ximo ao Anel Rodovi\u00e1rio Norte. Com eles foram apreendidas 400 caixas de cigarros e duas carretas.<\/p>\n<p>A PM chegou at\u00e9 o grupo ap\u00f3s receber den\u00fancias an\u00f4nimas e o Servi\u00e7o de Intelig\u00eancia da corpora\u00e7\u00e3o constatar que o local abrigava um dep\u00f3sito de materiais de proced\u00eancia duvidosa.  Durante a abordagem, um homem tentou fugir em um carro, mas foi preso. \u201cAo chegarmos aqui, um cidad\u00e3o tentou fugir, mas os policiais o alcan\u00e7aram e efetuaram a pris\u00e3o\u201d, afirma o sargento Rui Reis.<\/p>\n<p>Segundo a Receita Federal, nesta ocorr\u00eancia encontram-se duas irregularides, os cigarros n\u00e3o possuem nota fiscal e no Brasil \u00e9 proibida para importa\u00e7\u00e3o. A Pol\u00edcia investiga onde a mercadoria seria distribu\u00edda, mas a PM suspeita que o filho do dono do im\u00f3vel esteja envolvido no crime.<\/p>\n<p>Ainda durante a ocorr\u00eancia, a advogada do dono do s\u00edtio esteve no im\u00f3vel e informou que o propriet\u00e1rio n\u00e3o confirma o envolvimento dele e do filho no esquema de contrabando j\u00e1 que a \u00e1rea estava arrendada.<\/p>\n<p>Os suspeitos foram detidos no local e levados para a Pol\u00edcia Federal em Montes Claros.<\/p>\n<p><img decoding=\"async\" src=\"http:\/\/aconteceunovale.com.br\/portal\/wp-content\/uploads\/2014\/02\/cigarros_contrabandeados_moc_13_02.jpeg\" alt=\"\" \/><\/p>\n<p><em>(Foto e informa\u00e7\u00f5es da Inter TV Grande Minas)<\/em><\/p>\n","protected":false},"excerpt":{"rendered":"<p>Oito homens foram presos, na manh\u00e3 desta quinta-feira (13), suspeitos de contrabando de cigarros em Montes Claros, no Norte de Minas Gerais. O grupo estava em um s\u00edtio pr\u00f3ximo ao Anel Rodovi\u00e1rio Norte. Com eles foram apreendidas 400 caixas de cigarros e duas carretas. A PM chegou at\u00e9 o grupo ap\u00f3s receber den\u00fancias an\u00f4nimas e [&hellip;]<\/p>\n","protected":false},"author":1,"featured_media":21196,"comment_status":"open","ping_status":"closed","sticky":false,"template":"","format":"standard","meta":{"amp_status":"","footnotes":""},"categories":[1236],"tags":[210,4251],"class_list":["post-21195","post","type-post","status-publish","format-standard","has-post-thumbnail","hentry","category-norte_de_minas","tag-montes-claros","tag-oito-homens-sao-presos-suspeitos-de-contrabando-de-cigarro-no-norte-de-minas"],"_links":{"self":[{"href":"https:\/\/aconteceunovale.com.br\/portal\/index.php?rest_route=\/wp\/v2\/posts\/21195","targetHints":{"allow":["GET"]}}],"collection":[{"href":"https:\/\/aconteceunovale.com.br\/portal\/index.php?rest_route=\/wp\/v2\/posts"}],"about":[{"href":"https:\/\/aconteceunovale.com.br\/portal\/index.php?rest_route=\/wp\/v2\/types\/post"}],"author":[{"embeddable":true,"href":"https:\/\/aconteceunovale.com.br\/portal\/index.php?rest_route=\/wp\/v2\/users\/1"}],"replies":[{"embeddable":true,"href":"https:\/\/aconteceunovale.com.br\/portal\/index.php?rest_route=%2Fwp%2Fv2%2Fcomments&post=21195"}],"version-history":[{"count":0,"href":"https:\/\/aconteceunovale.com.br\/portal\/index.php?rest_route=\/wp\/v2\/posts\/21195\/revisions"}],"wp:featuredmedia":[{"embeddable":true,"href":"https:\/\/aconteceunovale.com.br\/portal\/index.php?rest_route=\/wp\/v2\/media\/21196"}],"wp:attachment":[{"href":"https:\/\/aconteceunovale.com.br\/portal\/index.php?rest_route=%2Fwp%2Fv2%2Fmedia&parent=21195"}],"wp:term":[{"taxonomy":"category","embeddable":true,"href":"https:\/\/aconteceunovale.com.br\/portal\/index.php?rest_route=%2Fwp%2Fv2%2Fcategories&post=21195"},{"taxonomy":"post_tag","embeddable":true,"href":"https:\/\/aconteceunovale.com.br\/portal\/index.php?rest_route=%2Fwp%2Fv2%2Ftags&post=21195"}],"curies":[{"name":"wp","href":"https:\/\/api.w.org\/{rel}","templated":true}]}}