{"id":21193,"date":"2014-02-13T18:51:32","date_gmt":"2014-02-13T20:51:32","guid":{"rendered":"http:\/\/aconteceunovale.com.br\/portal\/?p=21193"},"modified":"2014-02-13T18:51:32","modified_gmt":"2014-02-13T20:51:32","slug":"prefeitura-ipanema-abre-177-vagas-em-concurso-publico","status":"publish","type":"post","link":"https:\/\/aconteceunovale.com.br\/portal\/?p=21193","title":{"rendered":"Prefeitura Ipanema abre 177 vagas em concurso p\u00fablico"},"content":{"rendered":"<p>A prefeitura de Ipanema (MG) est\u00e1 com inscri\u00e7\u00f5es abertas para concurso p\u00fablico com 177 vagas de n\u00edveis fundamental, m\u00e9dio e superior.<\/p>\n<p>Os interessados podem se <a href=\"http:\/\/www.tendenciaconcursos.com.br\/site\/?p=concurso_detalhes&#038;tipo=1&#038;id=41\" target=\"_blank\">inscrever pela internet<\/a> no per\u00edodo de 20 de fevereiro de 2014 a 21 de mar\u00e7o de 2014. Tamb\u00e9m \u00e9 poss\u00edvel inscrever-se na Casa da Cultura, localizada na Pra\u00e7a Herondina Moreira Xavier, n\u00ba. 130, Ipanema. <\/p>\n<p>Os contratados receber\u00e3o sal\u00e1rios que variam de R$ 678,00 a R$ 7.200,00 em jornadas de 20h, 24h, 30h e 40h semanais, conforme a fun\u00e7\u00e3o desempenhada.<\/p>\n<p>O concurso conta com provas objetivas de m\u00faltipla escolha para todos, al\u00e9m de prova pr\u00e1tica para motorista, operador de m\u00e1quinas, carpinteiro, eletricista, mec\u00e2nico e pedreiro. Por fim, ainda haver\u00e1 avalia\u00e7\u00e3o de t\u00edtulos para os candidatos de n\u00edvel superior. <a href=\"http:\/\/www.tendenciaconcursos.com.br\/site\/?p=concurso_detalhes&#038;tipo=1&#038;id=41\" target=\"_blank\">Confira o edital<\/a>.<\/p>\n<p><img decoding=\"async\" src=\"http:\/\/aconteceunovale.com.br\/portal\/wp-content\/uploads\/2013\/11\/concurso_publico_angelandia.jpg\" alt=\"\" \/><\/p>\n","protected":false},"excerpt":{"rendered":"<p>A prefeitura de Ipanema (MG) est\u00e1 com inscri\u00e7\u00f5es abertas para concurso p\u00fablico com 177 vagas de n\u00edveis fundamental, m\u00e9dio e superior. Os interessados podem se inscrever pela internet no per\u00edodo de 20 de fevereiro de 2014 a 21 de mar\u00e7o de 2014. Tamb\u00e9m \u00e9 poss\u00edvel inscrever-se na Casa da Cultura, localizada na Pra\u00e7a Herondina Moreira [&hellip;]<\/p>\n","protected":false},"author":1,"featured_media":13951,"comment_status":"open","ping_status":"closed","sticky":false,"template":"","format":"standard","meta":{"amp_status":"","footnotes":""},"categories":[121],"tags":[700,4250,1732,4249],"class_list":["post-21193","post","type-post","status-publish","format-standard","has-post-thumbnail","hentry","category-leste","tag-concurso-publico","tag-concurso-publico-da-prefeitura-de-ipanema","tag-ipanema","tag-prefeitura-ipanema-abre-177-vagas-em-concurso-publico"],"_links":{"self":[{"href":"https:\/\/aconteceunovale.com.br\/portal\/index.php?rest_route=\/wp\/v2\/posts\/21193","targetHints":{"allow":["GET"]}}],"collection":[{"href":"https:\/\/aconteceunovale.com.br\/portal\/index.php?rest_route=\/wp\/v2\/posts"}],"about":[{"href":"https:\/\/aconteceunovale.com.br\/portal\/index.php?rest_route=\/wp\/v2\/types\/post"}],"author":[{"embeddable":true,"href":"https:\/\/aconteceunovale.com.br\/portal\/index.php?rest_route=\/wp\/v2\/users\/1"}],"replies":[{"embeddable":true,"href":"https:\/\/aconteceunovale.com.br\/portal\/index.php?rest_route=%2Fwp%2Fv2%2Fcomments&post=21193"}],"version-history":[{"count":0,"href":"https:\/\/aconteceunovale.com.br\/portal\/index.php?rest_route=\/wp\/v2\/posts\/21193\/revisions"}],"wp:featuredmedia":[{"embeddable":true,"href":"https:\/\/aconteceunovale.com.br\/portal\/index.php?rest_route=\/wp\/v2\/media\/13951"}],"wp:attachment":[{"href":"https:\/\/aconteceunovale.com.br\/portal\/index.php?rest_route=%2Fwp%2Fv2%2Fmedia&parent=21193"}],"wp:term":[{"taxonomy":"category","embeddable":true,"href":"https:\/\/aconteceunovale.com.br\/portal\/index.php?rest_route=%2Fwp%2Fv2%2Fcategories&post=21193"},{"taxonomy":"post_tag","embeddable":true,"href":"https:\/\/aconteceunovale.com.br\/portal\/index.php?rest_route=%2Fwp%2Fv2%2Ftags&post=21193"}],"curies":[{"name":"wp","href":"https:\/\/api.w.org\/{rel}","templated":true}]}}