{"id":21181,"date":"2014-02-13T16:42:50","date_gmt":"2014-02-13T18:42:50","guid":{"rendered":"http:\/\/aconteceunovale.com.br\/portal\/?p=21181"},"modified":"2014-02-16T18:43:40","modified_gmt":"2014-02-16T21:43:40","slug":"cerca-de-50-mil-jovens-de-baixa-renda-poderao-ter-a-primeira-habilitacao-gratuita","status":"publish","type":"post","link":"https:\/\/aconteceunovale.com.br\/portal\/?p=21181","title":{"rendered":"Cerca de 50 mil jovens de baixa renda poder\u00e3o ter a primeira habilita\u00e7\u00e3o gratuita"},"content":{"rendered":"<p>Para suprir o d\u00e9ficit de profissionais no mercado de trabalho do setor de transporte, o presidente do Sest Senat e da CNT, senador Cl\u00e9sio Andrade, autorizou o desenvolvimento do projeto Primeira Habilita\u00e7\u00e3o para o Transporte, de \u00e2mbito nacional, e que vai fornecer, de maneira gratuita, a primeira habilita\u00e7\u00e3o a 50 mil jovens em todo o Brasil.<\/p>\n<p><img decoding=\"async\" src=\"http:\/\/aconteceunovale.com.br\/portal\/wp-content\/uploads\/2013\/12\/cnhx.jpg\" alt=\"\" \/><\/p>\n<p>O projeto, que ser\u00e1 realizado pelo Sest Senat, prev\u00ea o custeio de todos os procedimentos necess\u00e1rios para a obten\u00e7\u00e3o da Carteira Nacional de Habilita\u00e7\u00e3o (CNH) categoria B. Para a sele\u00e7\u00e3o dos jovens, o Sest Senat utilizar\u00e1 as suas unidades de atendimento, os sindicatos e as empresas de transporte rodovi\u00e1rio de cargas e de passageiros. <\/p>\n<p>\u201cEssa iniciativa do Sest Senat pretende atender uma demanda do mercado de transporte. Nos \u00faltimos anos, as empresas est\u00e3o tendo dificuldades em contratar profissionais, e a nossa ideia \u00e9 suprir essa car\u00eancia. Al\u00e9m disso, com a gratuidade da forma\u00e7\u00e3o e da CNH, tamb\u00e9m garantimos ao jovem uma profiss\u00e3o, e cumprimos com os nossos objetivos institucionais de desenvolvimento profissional e social\u201d, afirma o presidente do Sest Senat e da CNT, senador Cl\u00e9sio Andrade. <\/p>\n<p><strong>Quais s\u00e3o os pr\u00e9-requisitos para participar?<\/strong><\/p>\n<p>Para participar do projeto, \u00e9 preciso ter entre 18 e 25 anos, comprovar renda familiar de at\u00e9 tr\u00eas sal\u00e1rios m\u00ednimos, saber ler e escrever, possuir Carteira de Identidade ou documento equivalente, participar dos cursos de forma\u00e7\u00e3o inicial oferecidos pelas mais de 100 unidades do Sest Senat e assinar um contrato de ades\u00e3o, em que assume o compromisso para se engajar no setor de transporte. <\/p>\n<p><strong>Como participar?<\/strong><\/p>\n<p>Para participar do programa os interessados devem realizar a pr\u00e9-inscri\u00e7\u00e3o pelo formul\u00e1rio na internet dispon\u00edvel no endere\u00e7o <a href=\"http:\/\/www.sestsenat.org.br\/Paginas\/Pre-Inscricao-Primeira-CNH.html\" target=\"_blank\">http:\/\/www.sestsenat.org.br\/Paginas\/Pre-Inscricao-Primeira-CNH.html<\/a>. Mais informa\u00e7\u00f5es tamb\u00e9m podem ser obtidas no telefone 0800 728 2891.<\/p>\n<p>O projeto prev\u00ea tamb\u00e9m a continuidade da forma\u00e7\u00e3o desses jovens para atuarem como motoristas profissionais. Para isso, o Sest Senat oferecer\u00e1 cursos de forma\u00e7\u00e3o espec\u00edfica tanto para motoristas de \u00f4nibus como de caminh\u00e3o, al\u00e9m de viabilizar a mudan\u00e7a de categoria da CNH (D ou E) dos participantes. O treinamento utilizar\u00e1 simuladores de dire\u00e7\u00e3o de \u00faltima gera\u00e7\u00e3o e estar\u00e1 integrado ao Programa Trainee de Novos Motoristas e ao Programa de Forma\u00e7\u00e3o de Novos Motoristas. <\/p>\n<p>Os benefici\u00e1rios atendidos pelo projeto que n\u00e3o cumprirem as atividades previstas no contrato de ades\u00e3o dever\u00e3o ressarcir o valor, conforme as regras previstas no acordo.<\/p>\n<p><img decoding=\"async\" src=\"http:\/\/aconteceunovale.com.br\/portal\/wp-content\/uploads\/2014\/02\/arte_projeto_habilitacao_50_motoristas.jpg\" alt=\"\" \/><\/p>\n","protected":false},"excerpt":{"rendered":"<p>Para suprir o d\u00e9ficit de profissionais no mercado de trabalho do setor de transporte, o presidente do Sest Senat e da CNT, senador Cl\u00e9sio Andrade, autorizou o desenvolvimento do projeto Primeira Habilita\u00e7\u00e3o para o Transporte, de \u00e2mbito nacional, e que vai fornecer, de maneira gratuita, a primeira habilita\u00e7\u00e3o a 50 mil jovens em todo o [&hellip;]<\/p>\n","protected":false},"author":1,"featured_media":14407,"comment_status":"open","ping_status":"closed","sticky":false,"template":"","format":"standard","meta":{"amp_status":"","footnotes":""},"categories":[6],"tags":[4239,4240],"class_list":["post-21181","post","type-post","status-publish","format-standard","has-post-thumbnail","hentry","category-br","tag-cerca-de-50-mil-jovens-de-baixa-renda-poderao-ter-a-primeira-habilitacao-gratuita","tag-primeira-habilitacao"],"_links":{"self":[{"href":"https:\/\/aconteceunovale.com.br\/portal\/index.php?rest_route=\/wp\/v2\/posts\/21181","targetHints":{"allow":["GET"]}}],"collection":[{"href":"https:\/\/aconteceunovale.com.br\/portal\/index.php?rest_route=\/wp\/v2\/posts"}],"about":[{"href":"https:\/\/aconteceunovale.com.br\/portal\/index.php?rest_route=\/wp\/v2\/types\/post"}],"author":[{"embeddable":true,"href":"https:\/\/aconteceunovale.com.br\/portal\/index.php?rest_route=\/wp\/v2\/users\/1"}],"replies":[{"embeddable":true,"href":"https:\/\/aconteceunovale.com.br\/portal\/index.php?rest_route=%2Fwp%2Fv2%2Fcomments&post=21181"}],"version-history":[{"count":0,"href":"https:\/\/aconteceunovale.com.br\/portal\/index.php?rest_route=\/wp\/v2\/posts\/21181\/revisions"}],"wp:featuredmedia":[{"embeddable":true,"href":"https:\/\/aconteceunovale.com.br\/portal\/index.php?rest_route=\/wp\/v2\/media\/14407"}],"wp:attachment":[{"href":"https:\/\/aconteceunovale.com.br\/portal\/index.php?rest_route=%2Fwp%2Fv2%2Fmedia&parent=21181"}],"wp:term":[{"taxonomy":"category","embeddable":true,"href":"https:\/\/aconteceunovale.com.br\/portal\/index.php?rest_route=%2Fwp%2Fv2%2Fcategories&post=21181"},{"taxonomy":"post_tag","embeddable":true,"href":"https:\/\/aconteceunovale.com.br\/portal\/index.php?rest_route=%2Fwp%2Fv2%2Ftags&post=21181"}],"curies":[{"name":"wp","href":"https:\/\/api.w.org\/{rel}","templated":true}]}}