{"id":21176,"date":"2014-02-13T16:36:20","date_gmt":"2014-02-13T18:36:20","guid":{"rendered":"http:\/\/aconteceunovale.com.br\/portal\/?p=21176"},"modified":"2014-02-13T16:36:20","modified_gmt":"2014-02-13T18:36:20","slug":"instituto-estadual-de-florestas-vistoria-a-regiao","status":"publish","type":"post","link":"https:\/\/aconteceunovale.com.br\/portal\/?p=21176","title":{"rendered":"Instituto Estadual de Florestas vistoria a regi\u00e3o"},"content":{"rendered":"<p>Fiscais do IEF (Instituto Estadual de Florestas) fazem vistorias no munic\u00edpio de Turmalina e regi\u00e3o.<\/p>\n<p>O internauta Dejonsyo Hassman flagrou o momento em que o helic\u00f3ptero da institui\u00e7\u00e3o pousava em Turmalina, nesta quinta-feira (13\/02).<\/p>\n<p>At\u00e9 o momento n\u00e3o temos a informa\u00e7\u00e3o se est\u00e1 sendo realizada opera\u00e7\u00e3o na regi\u00e3o ou se \u00e9 apenas uma vistoria de praxe. Tentamos contato com o escrit\u00f3rio regional do IEF em Diamantina, mas n\u00e3o obtivemos \u00eaxito.<\/p>\n<p><img decoding=\"async\" src=\"http:\/\/aconteceunovale.com.br\/portal\/wp-content\/uploads\/2014\/02\/ief_turmalina_13_02.jpg\" alt=\"\" \/><\/p>\n","protected":false},"excerpt":{"rendered":"<p>Fiscais do IEF (Instituto Estadual de Florestas) fazem vistorias no munic\u00edpio de Turmalina e regi\u00e3o. O internauta Dejonsyo Hassman flagrou o momento em que o helic\u00f3ptero da institui\u00e7\u00e3o pousava em Turmalina, nesta quinta-feira (13\/02). At\u00e9 o momento n\u00e3o temos a informa\u00e7\u00e3o se est\u00e1 sendo realizada opera\u00e7\u00e3o na regi\u00e3o ou se \u00e9 apenas uma vistoria de [&hellip;]<\/p>\n","protected":false},"author":1,"featured_media":21177,"comment_status":"open","ping_status":"closed","sticky":false,"template":"","format":"standard","meta":{"amp_status":"","footnotes":""},"categories":[120],"tags":[4238,178],"class_list":["post-21176","post","type-post","status-publish","format-standard","has-post-thumbnail","hentry","category-jequi","tag-instituto-estadual-de-florestas-vistoria-a-regiao","tag-turmalina"],"_links":{"self":[{"href":"https:\/\/aconteceunovale.com.br\/portal\/index.php?rest_route=\/wp\/v2\/posts\/21176","targetHints":{"allow":["GET"]}}],"collection":[{"href":"https:\/\/aconteceunovale.com.br\/portal\/index.php?rest_route=\/wp\/v2\/posts"}],"about":[{"href":"https:\/\/aconteceunovale.com.br\/portal\/index.php?rest_route=\/wp\/v2\/types\/post"}],"author":[{"embeddable":true,"href":"https:\/\/aconteceunovale.com.br\/portal\/index.php?rest_route=\/wp\/v2\/users\/1"}],"replies":[{"embeddable":true,"href":"https:\/\/aconteceunovale.com.br\/portal\/index.php?rest_route=%2Fwp%2Fv2%2Fcomments&post=21176"}],"version-history":[{"count":0,"href":"https:\/\/aconteceunovale.com.br\/portal\/index.php?rest_route=\/wp\/v2\/posts\/21176\/revisions"}],"wp:featuredmedia":[{"embeddable":true,"href":"https:\/\/aconteceunovale.com.br\/portal\/index.php?rest_route=\/wp\/v2\/media\/21177"}],"wp:attachment":[{"href":"https:\/\/aconteceunovale.com.br\/portal\/index.php?rest_route=%2Fwp%2Fv2%2Fmedia&parent=21176"}],"wp:term":[{"taxonomy":"category","embeddable":true,"href":"https:\/\/aconteceunovale.com.br\/portal\/index.php?rest_route=%2Fwp%2Fv2%2Fcategories&post=21176"},{"taxonomy":"post_tag","embeddable":true,"href":"https:\/\/aconteceunovale.com.br\/portal\/index.php?rest_route=%2Fwp%2Fv2%2Ftags&post=21176"}],"curies":[{"name":"wp","href":"https:\/\/api.w.org\/{rel}","templated":true}]}}