{"id":21147,"date":"2014-02-13T15:38:26","date_gmt":"2014-02-13T17:38:26","guid":{"rendered":"http:\/\/aconteceunovale.com.br\/portal\/?p=21147"},"modified":"2014-02-13T15:38:26","modified_gmt":"2014-02-13T17:38:26","slug":"capelinha-faz-101-anos-com-festa-de-graca-no-parque-de-exposicoes","status":"publish","type":"post","link":"https:\/\/aconteceunovale.com.br\/portal\/?p=21147","title":{"rendered":"Capelinha faz 101 anos com festa de gra\u00e7a no Parque de Exposi\u00e7\u00f5es"},"content":{"rendered":"<p>A Prefeitura de Capelinha confirmou a realiza\u00e7\u00e3o de evento festivo na comemora\u00e7\u00e3o do anivers\u00e1rio da cidade nos dias 21, 22 e 23 de fevereiro.<\/p>\n<p><img decoding=\"async\" src=\"http:\/\/aconteceunovale.com.br\/portal\/wp-content\/uploads\/2014\/02\/capelinha_101_anos_2014.jpg\" alt=\"\" \/><\/p>\n<p>A festa ser\u00e1 no Parque de Exposi\u00e7\u00f5es com port\u00f5es abertos ao p\u00fablico. Todos os shows musicais ser\u00e3o com artistas locais, tendo v\u00e1rias atra\u00e7\u00f5es por noite, palco, sonoriza\u00e7\u00e3o, ilumina\u00e7\u00e3o, tel\u00f5es, bares, barracas, tendas, seguran\u00e7a e muita anima\u00e7\u00e3o. <\/p>\n<p>Para a festa dos 101 anos de Capelinha, a Prefeitura contar\u00e1 com o apoio das secretarias de Esportes e de Cultura, Pol\u00edcia Militar, artistas da terra, empresas e comunidade. <\/p>\n<p>No domingo, 23 de fevereiro, a programa\u00e7\u00e3o ser\u00e1 durante o dia inteiro com shows e o sorteio do Fiat Uno zero km da Promo\u00e7\u00e3o Ecol\u00f3gica Caf\u00e9 Gema de Minas. Poss\u00edveis shows: Wilson Costa &#038; Ademir, Eduardo Neto, Rodrigo Pires &#038; Kurti\u00e7\u00e3o, Sambart, Omar Santiago &#038; Manuervas, Daniel Campos, Banda Bandau\u00ea, Banda Akasus, Banda Seu Aur\u00e9lio, Banda N\u00fameros, Sebastian dos Teclados e DJ Skilo.<\/p>\n<p><em>Por Tico Neves<\/em><\/p>\n","protected":false},"excerpt":{"rendered":"<p>A Prefeitura de Capelinha confirmou a realiza\u00e7\u00e3o de evento festivo na comemora\u00e7\u00e3o do anivers\u00e1rio da cidade nos dias 21, 22 e 23 de fevereiro. A festa ser\u00e1 no Parque de Exposi\u00e7\u00f5es com port\u00f5es abertos ao p\u00fablico. Todos os shows musicais ser\u00e3o com artistas locais, tendo v\u00e1rias atra\u00e7\u00f5es por noite, palco, sonoriza\u00e7\u00e3o, ilumina\u00e7\u00e3o, tel\u00f5es, bares, barracas, [&hellip;]<\/p>\n","protected":false},"author":1,"featured_media":21148,"comment_status":"open","ping_status":"closed","sticky":false,"template":"","format":"standard","meta":{"amp_status":"","footnotes":""},"categories":[120],"tags":[132,4232,4233],"class_list":["post-21147","post","type-post","status-publish","format-standard","has-post-thumbnail","hentry","category-jequi","tag-capelinha","tag-capelinha-faz-101-anos-com-festa-de-graca-no-parque-de-exposicoes","tag-festa-de-aniversario-de-capelinha"],"_links":{"self":[{"href":"https:\/\/aconteceunovale.com.br\/portal\/index.php?rest_route=\/wp\/v2\/posts\/21147","targetHints":{"allow":["GET"]}}],"collection":[{"href":"https:\/\/aconteceunovale.com.br\/portal\/index.php?rest_route=\/wp\/v2\/posts"}],"about":[{"href":"https:\/\/aconteceunovale.com.br\/portal\/index.php?rest_route=\/wp\/v2\/types\/post"}],"author":[{"embeddable":true,"href":"https:\/\/aconteceunovale.com.br\/portal\/index.php?rest_route=\/wp\/v2\/users\/1"}],"replies":[{"embeddable":true,"href":"https:\/\/aconteceunovale.com.br\/portal\/index.php?rest_route=%2Fwp%2Fv2%2Fcomments&post=21147"}],"version-history":[{"count":0,"href":"https:\/\/aconteceunovale.com.br\/portal\/index.php?rest_route=\/wp\/v2\/posts\/21147\/revisions"}],"wp:featuredmedia":[{"embeddable":true,"href":"https:\/\/aconteceunovale.com.br\/portal\/index.php?rest_route=\/wp\/v2\/media\/21148"}],"wp:attachment":[{"href":"https:\/\/aconteceunovale.com.br\/portal\/index.php?rest_route=%2Fwp%2Fv2%2Fmedia&parent=21147"}],"wp:term":[{"taxonomy":"category","embeddable":true,"href":"https:\/\/aconteceunovale.com.br\/portal\/index.php?rest_route=%2Fwp%2Fv2%2Fcategories&post=21147"},{"taxonomy":"post_tag","embeddable":true,"href":"https:\/\/aconteceunovale.com.br\/portal\/index.php?rest_route=%2Fwp%2Fv2%2Ftags&post=21147"}],"curies":[{"name":"wp","href":"https:\/\/api.w.org\/{rel}","templated":true}]}}