{"id":21142,"date":"2014-02-13T15:28:35","date_gmt":"2014-02-13T17:28:35","guid":{"rendered":"http:\/\/aconteceunovale.com.br\/portal\/?p=21142"},"modified":"2014-02-13T15:28:35","modified_gmt":"2014-02-13T17:28:35","slug":"20-pessoas-sao-detidas-durante-operacao-impacto-em-valadares","status":"publish","type":"post","link":"https:\/\/aconteceunovale.com.br\/portal\/?p=21142","title":{"rendered":"20 pessoas s\u00e3o detidas durante &#8216;Opera\u00e7\u00e3o Impacto&#8217; em Valadares"},"content":{"rendered":"<p>Vinte pessoas j\u00e1 foram detidas durante a Opera\u00e7\u00e3o \u201cImpacto\u201d, realizada pelas Pol\u00edcias Militar e Civil, em Governador Valadares, no Leste de Minas Gerais, na manh\u00e3 desta quinta-feira (13). 56 mandados de pris\u00e3o e cinco de busca e apreens\u00e3o est\u00e3o sendo cumpridos desde \u00e0s 6h, em toda a cidade.<\/p>\n<p>Esta \u00e9 a primeira Opera\u00e7\u00e3o &#8220;Impacto&#8221; do ano de 2014. Segundo informa\u00e7\u00f5es das Pol\u00edcias Civil e Militar, 70 pedras de crack e uma bucha de maconha foram apreendidos durante a opera\u00e7\u00e3o.<\/p>\n<p>De acordo com o tenente coronel Marcelo Fernandes, um dos principais objetivos da opera\u00e7\u00e3o \u00e9 combater o grande n\u00famero de homic\u00eddios que aconteceram em Governador Valadares nos dois primeiros meses do ano.<\/p>\n<p>&#8220;Esse m\u00eas de janeiro e in\u00edcio de fevereiro est\u00e3o nos surpreendendo, n\u00f3s n\u00e3o esper\u00e1vamos tantos homic\u00eddios em Valadares nesses meses iniciais do ano. Vamos trabalhar para que essa situa\u00e7\u00e3o seja revertida&#8221;, afirmou o tenente coronel.<\/p>\n<p>A delegada da Pol\u00edcia Civil, Luzinete Maria de S\u00e1, ressaltou a import\u00e2ncia dessa opera\u00e7\u00e3o para a seguran\u00e7a p\u00fablica da cidade. &#8220;Essa parceria entre a Pol\u00edcia Civil e a Pol\u00edcia Militar \u00e9 muito importante para que a sociedade se sinta mais segura&#8221;. <\/p>\n<p><img decoding=\"async\" src=\"http:\/\/aconteceunovale.com.br\/portal\/wp-content\/uploads\/2014\/02\/presos_em_itaobim_trafico.jpg\" alt=\"\" \/><\/p>\n<p><em>(Via Inter TV dos Vales)<\/em><\/p>\n","protected":false},"excerpt":{"rendered":"<p>Vinte pessoas j\u00e1 foram detidas durante a Opera\u00e7\u00e3o \u201cImpacto\u201d, realizada pelas Pol\u00edcias Militar e Civil, em Governador Valadares, no Leste de Minas Gerais, na manh\u00e3 desta quinta-feira (13). 56 mandados de pris\u00e3o e cinco de busca e apreens\u00e3o est\u00e3o sendo cumpridos desde \u00e0s 6h, em toda a cidade. Esta \u00e9 a primeira Opera\u00e7\u00e3o &#8220;Impacto&#8221; do [&hellip;]<\/p>\n","protected":false},"author":1,"featured_media":21031,"comment_status":"open","ping_status":"closed","sticky":false,"template":"","format":"standard","meta":{"amp_status":"","footnotes":""},"categories":[121],"tags":[4229,247,4230],"class_list":["post-21142","post","type-post","status-publish","format-standard","has-post-thumbnail","hentry","category-leste","tag-20-pessoas-sao-detidas-durante-operacao-impacto-em-valadares","tag-governador-valadares","tag-operacao-impacto-em-governador-valadares"],"_links":{"self":[{"href":"https:\/\/aconteceunovale.com.br\/portal\/index.php?rest_route=\/wp\/v2\/posts\/21142","targetHints":{"allow":["GET"]}}],"collection":[{"href":"https:\/\/aconteceunovale.com.br\/portal\/index.php?rest_route=\/wp\/v2\/posts"}],"about":[{"href":"https:\/\/aconteceunovale.com.br\/portal\/index.php?rest_route=\/wp\/v2\/types\/post"}],"author":[{"embeddable":true,"href":"https:\/\/aconteceunovale.com.br\/portal\/index.php?rest_route=\/wp\/v2\/users\/1"}],"replies":[{"embeddable":true,"href":"https:\/\/aconteceunovale.com.br\/portal\/index.php?rest_route=%2Fwp%2Fv2%2Fcomments&post=21142"}],"version-history":[{"count":0,"href":"https:\/\/aconteceunovale.com.br\/portal\/index.php?rest_route=\/wp\/v2\/posts\/21142\/revisions"}],"wp:featuredmedia":[{"embeddable":true,"href":"https:\/\/aconteceunovale.com.br\/portal\/index.php?rest_route=\/wp\/v2\/media\/21031"}],"wp:attachment":[{"href":"https:\/\/aconteceunovale.com.br\/portal\/index.php?rest_route=%2Fwp%2Fv2%2Fmedia&parent=21142"}],"wp:term":[{"taxonomy":"category","embeddable":true,"href":"https:\/\/aconteceunovale.com.br\/portal\/index.php?rest_route=%2Fwp%2Fv2%2Fcategories&post=21142"},{"taxonomy":"post_tag","embeddable":true,"href":"https:\/\/aconteceunovale.com.br\/portal\/index.php?rest_route=%2Fwp%2Fv2%2Ftags&post=21142"}],"curies":[{"name":"wp","href":"https:\/\/api.w.org\/{rel}","templated":true}]}}