{"id":21132,"date":"2014-02-13T10:12:27","date_gmt":"2014-02-13T12:12:27","guid":{"rendered":"http:\/\/aconteceunovale.com.br\/portal\/?p=21132"},"modified":"2014-02-13T10:12:27","modified_gmt":"2014-02-13T12:12:27","slug":"ex-prefeito-de-francisco-badaro-tem-bens-bloqueados-na-justica","status":"publish","type":"post","link":"https:\/\/aconteceunovale.com.br\/portal\/?p=21132","title":{"rendered":"Ex-prefeito de Francisco Badar\u00f3 tem bens bloqueados na justi\u00e7a"},"content":{"rendered":"<p>O ex-prefeito de Francisco Badar\u00f3, Jos\u00e9 Jo\u00e3o Figueir\u00f3 de Oliveira, teve seus bens bloqueados pela Justi\u00e7a devido \u00e0 m\u00e1 aplica\u00e7\u00e3o dos recursos de conv\u00eanio de sa\u00fade, em 2012.<\/p>\n<p><img decoding=\"async\" src=\"http:\/\/aconteceunovale.com.br\/portal\/wp-content\/uploads\/2014\/02\/ex_prefeito_francisco_badaro.jpg\" alt=\"\" \/><\/p>\n<p>A decis\u00e3o do Juiz Ot\u00e1vio Augusto de Melo Acioli, da Comarca de Minas Novas, em 04.11.2013, se baseia nos desvios de recursos financeiros efetuados pelo ex-prefeito, em um conv\u00eanio da sa\u00fade. Os advogados de Jos\u00e9 Jo\u00e3o, Aristides Sena e Jos\u00e9 Jorge C\u00e9sar, entraram com um agravo de instrumento na 2\u00aa Inst\u00e2ncia do TJMG &#8211; Tribunal de Justi\u00e7a de Minas Gerais, para sustar o processo, mas tiveram o pedido negado, em 21.01.2014. <\/p>\n<p>O bloqueio de R$ 36 mil dos bens de Jos\u00e9 Jo\u00e3o foram determinados pelo Juiz, pelos seguintes fatos:<\/p>\n<p>&#8211; No dia 9 de abril de 2012, foi creditado o valor de R$ 36.000,00 na conta do Munic\u00edpio, pertencente ao Fundo Municipal de Sa\u00fade;<\/p>\n<p>&#8211; o valor \u00e9 referente \u00e0 transfer\u00eancia direta do Fundo Nacional de Sa\u00fade para a constru\u00e7\u00e3o de polos da academia de sa\u00fade;<\/p>\n<p>&#8211; o repasse efetuado somente poderia custear a constru\u00e7\u00e3o de polos;<\/p>\n<p>&#8211; as academias polos n\u00e3o foram constru\u00eddas pelo r\u00e9u.&#8221;<\/p>\n<p>N\u00e3o se sabe onde foram aplicados tais recursos.<\/p>\n<p>Neste sentido, foi &#8220;decretada a indisponibilidade dos bens do r\u00e9u at\u00e9 o limite do valor do dano gerado&#8221;.<br \/>\nO processo com o n\u00ba. 0011319-81.2013 \u00e9 de iniciativa da Prefeitura de Francisco Badar\u00f3, no M\u00e9dio Jequitinhonha, nordeste de Minas Gerais.<\/p>\n<p><strong>Somente R$ 2,11 e um ve\u00edculo gol foram encontrados<\/strong><\/p>\n<p>Ao fazer busca em cart\u00f3rios de im\u00f3veis, contas banc\u00e1rias e outras fontes para cumprir a Ordem Judicial de Bloqueio de Valores, os agentes da justi\u00e7a s\u00f3 encontraram em nome do r\u00e9u o saldo de R$ 2,11 em conta banc\u00e1ria do Banco do Brasil, e um ve\u00edculo VW\/Gol 1.0 GIV, placa HHW 6886, que j\u00e1 estava em processo de transfer\u00eancia para outra pessoa.  <\/p>\n<p>Moradores da cidade de Francisco Badar\u00f3 comentam que o ex-prefeito possui uma casa residencial em Francisco Badar\u00f3, no bairro de F\u00e1tima, e um apartamento em Belo Horizonte. Por\u00e9m, estas propriedades n\u00e3o constam em seu nome.<\/p>\n<p><strong><em>(Fonte: Blog do Banu)<\/em><\/strong><\/p>\n","protected":false},"excerpt":{"rendered":"<p>O ex-prefeito de Francisco Badar\u00f3, Jos\u00e9 Jo\u00e3o Figueir\u00f3 de Oliveira, teve seus bens bloqueados pela Justi\u00e7a devido \u00e0 m\u00e1 aplica\u00e7\u00e3o dos recursos de conv\u00eanio de sa\u00fade, em 2012. A decis\u00e3o do Juiz Ot\u00e1vio Augusto de Melo Acioli, da Comarca de Minas Novas, em 04.11.2013, se baseia nos desvios de recursos financeiros efetuados pelo ex-prefeito, em [&hellip;]<\/p>\n","protected":false},"author":1,"featured_media":21133,"comment_status":"open","ping_status":"closed","sticky":false,"template":"","format":"standard","meta":{"amp_status":"","footnotes":""},"categories":[120],"tags":[4225,187,4224],"class_list":["post-21132","post","type-post","status-publish","format-standard","has-post-thumbnail","hentry","category-jequi","tag-ex-prefeito-de-francisco-badaro","tag-francisco-badaro","tag-jose-joao-figueiro-de-oliveira"],"_links":{"self":[{"href":"https:\/\/aconteceunovale.com.br\/portal\/index.php?rest_route=\/wp\/v2\/posts\/21132","targetHints":{"allow":["GET"]}}],"collection":[{"href":"https:\/\/aconteceunovale.com.br\/portal\/index.php?rest_route=\/wp\/v2\/posts"}],"about":[{"href":"https:\/\/aconteceunovale.com.br\/portal\/index.php?rest_route=\/wp\/v2\/types\/post"}],"author":[{"embeddable":true,"href":"https:\/\/aconteceunovale.com.br\/portal\/index.php?rest_route=\/wp\/v2\/users\/1"}],"replies":[{"embeddable":true,"href":"https:\/\/aconteceunovale.com.br\/portal\/index.php?rest_route=%2Fwp%2Fv2%2Fcomments&post=21132"}],"version-history":[{"count":0,"href":"https:\/\/aconteceunovale.com.br\/portal\/index.php?rest_route=\/wp\/v2\/posts\/21132\/revisions"}],"wp:featuredmedia":[{"embeddable":true,"href":"https:\/\/aconteceunovale.com.br\/portal\/index.php?rest_route=\/wp\/v2\/media\/21133"}],"wp:attachment":[{"href":"https:\/\/aconteceunovale.com.br\/portal\/index.php?rest_route=%2Fwp%2Fv2%2Fmedia&parent=21132"}],"wp:term":[{"taxonomy":"category","embeddable":true,"href":"https:\/\/aconteceunovale.com.br\/portal\/index.php?rest_route=%2Fwp%2Fv2%2Fcategories&post=21132"},{"taxonomy":"post_tag","embeddable":true,"href":"https:\/\/aconteceunovale.com.br\/portal\/index.php?rest_route=%2Fwp%2Fv2%2Ftags&post=21132"}],"curies":[{"name":"wp","href":"https:\/\/api.w.org\/{rel}","templated":true}]}}