{"id":21128,"date":"2014-02-13T09:48:59","date_gmt":"2014-02-13T11:48:59","guid":{"rendered":"http:\/\/aconteceunovale.com.br\/portal\/?p=21128"},"modified":"2014-02-13T10:19:47","modified_gmt":"2014-02-13T12:19:47","slug":"homem-e-morto-com-facada-nas-costas-apos-desentendimento-em-bar","status":"publish","type":"post","link":"https:\/\/aconteceunovale.com.br\/portal\/?p=21128","title":{"rendered":"Homem \u00e9 morto com facada nas costas ap\u00f3s desentendimento em bar"},"content":{"rendered":"<p>Um jovem de 20 anos foi morto com uma facada nas costas, na noite desta quarta-feira (12), em Jana\u00faba, no Norte de Minas. O homic\u00eddio aconteceu ap\u00f3s um desentendimento da v\u00edtima com um homem dentro de um bar.<\/p>\n<p>De acordo com a Pol\u00edcia Militar, Wedreson Ribeiro dos Santos estava no estabelecimento comercial, na Fazenda Angicos, na zona rural do munic\u00edpio, quando, por motivo desconhecido, come\u00e7ou a discutir com o suspeito, identificados por testemunhas como F\u00e1bio Soares.<\/p>\n<p>Ap\u00f3s a briga, o jovem resolveu ir para casa do pai, mas foi surpreendido pelo suspeito que, sem deixar Santos reagir, cravou a faca em suas costas. O homem morreu na hora. Ap\u00f3s o crime, o assassino fugiu e n\u00e3o foi mais localizado.<\/p>\n<p>A pol\u00edcia n\u00e3o soube informar se v\u00edtima e suspeito tinham problemas anteriormente. A ocorr\u00eancia foi encerrada na delegacia da cidade. <\/p>\n<p><strong>Outro assassinato<\/strong><\/p>\n<p>A Pol\u00edcia est\u00e1 buscando pistas que possam levar ao assassino de um homem de 40 anos, tamb\u00e9m em Jana\u00faba. Um corpo foi encontrado em um lote vago, na Rua 19, no Bairro Veredas, nesta quarta-feira (12).<\/p>\n<p>De acordo com a PM, a per\u00edcia esteve no local e constatou que o crime aconteceu h\u00e1 aproximadamente quatro dias. A v\u00edtima apresentava sinais de viol\u00eancia e sete perfura\u00e7\u00f5es, na cabe\u00e7a, ombro, axila, bra\u00e7o, virilha e calcanhar.<\/p>\n<p>Um homem esteve no local e reconheceu a v\u00edtima, era um irm\u00e3o dele desaparecido desde 7 de fevereiro.<\/p>\n<p><img decoding=\"async\" src=\"http:\/\/aconteceunovale.com.br\/portal\/wp-content\/uploads\/2013\/11\/plantao.jpg\" alt=\"\" \/><\/p>\n","protected":false},"excerpt":{"rendered":"<p>Um jovem de 20 anos foi morto com uma facada nas costas, na noite desta quarta-feira (12), em Jana\u00faba, no Norte de Minas. O homic\u00eddio aconteceu ap\u00f3s um desentendimento da v\u00edtima com um homem dentro de um bar. De acordo com a Pol\u00edcia Militar, Wedreson Ribeiro dos Santos estava no estabelecimento comercial, na Fazenda Angicos, [&hellip;]<\/p>\n","protected":false},"author":1,"featured_media":13667,"comment_status":"open","ping_status":"closed","sticky":false,"template":"","format":"standard","meta":{"amp_status":"","footnotes":""},"categories":[1236],"tags":[4222,204,4226],"class_list":["post-21128","post","type-post","status-publish","format-standard","has-post-thumbnail","hentry","category-norte_de_minas","tag-homem-e-morto-com-facada-nas-costas-apos-desentendimento-em-bar","tag-janauba","tag-wedreson-ribeiro-dos-santos"],"_links":{"self":[{"href":"https:\/\/aconteceunovale.com.br\/portal\/index.php?rest_route=\/wp\/v2\/posts\/21128","targetHints":{"allow":["GET"]}}],"collection":[{"href":"https:\/\/aconteceunovale.com.br\/portal\/index.php?rest_route=\/wp\/v2\/posts"}],"about":[{"href":"https:\/\/aconteceunovale.com.br\/portal\/index.php?rest_route=\/wp\/v2\/types\/post"}],"author":[{"embeddable":true,"href":"https:\/\/aconteceunovale.com.br\/portal\/index.php?rest_route=\/wp\/v2\/users\/1"}],"replies":[{"embeddable":true,"href":"https:\/\/aconteceunovale.com.br\/portal\/index.php?rest_route=%2Fwp%2Fv2%2Fcomments&post=21128"}],"version-history":[{"count":0,"href":"https:\/\/aconteceunovale.com.br\/portal\/index.php?rest_route=\/wp\/v2\/posts\/21128\/revisions"}],"wp:featuredmedia":[{"embeddable":true,"href":"https:\/\/aconteceunovale.com.br\/portal\/index.php?rest_route=\/wp\/v2\/media\/13667"}],"wp:attachment":[{"href":"https:\/\/aconteceunovale.com.br\/portal\/index.php?rest_route=%2Fwp%2Fv2%2Fmedia&parent=21128"}],"wp:term":[{"taxonomy":"category","embeddable":true,"href":"https:\/\/aconteceunovale.com.br\/portal\/index.php?rest_route=%2Fwp%2Fv2%2Fcategories&post=21128"},{"taxonomy":"post_tag","embeddable":true,"href":"https:\/\/aconteceunovale.com.br\/portal\/index.php?rest_route=%2Fwp%2Fv2%2Ftags&post=21128"}],"curies":[{"name":"wp","href":"https:\/\/api.w.org\/{rel}","templated":true}]}}