{"id":21126,"date":"2014-02-13T09:46:23","date_gmt":"2014-02-13T11:46:23","guid":{"rendered":"http:\/\/aconteceunovale.com.br\/portal\/?p=21126"},"modified":"2014-02-13T09:46:23","modified_gmt":"2014-02-13T11:46:23","slug":"sete-sao-detidos-suspeitos-de-trafico-de-drogas-em-montes-claros","status":"publish","type":"post","link":"https:\/\/aconteceunovale.com.br\/portal\/?p=21126","title":{"rendered":"Sete s\u00e3o detidos suspeitos de tr\u00e1fico de drogas em Montes Claros"},"content":{"rendered":"<p>A Pol\u00edcia Militar apreendeu tr\u00eas menores e prendeu tr\u00eas homens e uma mulher suspeitos de tr\u00e1fico de drogas em Montes Claros (MG).<\/p>\n<p>Nesta quarta-feira (12), no Vila Sion II, a PM apreendeu os adolescentes, de 14, 16 e 17 anos, na Avenida Central. Dois deles foram vistos saindo de um matagal com uma sacola, contendo dois tabletes de maconha e uma balan\u00e7a. O outro menor foi detido ao tentar fugir de bicicleta para avisar os traficantes que estavam em um local usado como ponto de venda de drogas.<\/p>\n<p>Tamb\u00e9m nesta quarta, um homem e uma mulher, de 43 e 37 anos, ambos com passagens pela pol\u00edcia, foram presos na Rua Luiz Ruas, no Bairro Santos Reis. Com ele a PM encontrou tr\u00eas papelotes de coca\u00edna, R$ 1.627, U$ 101 e diversos equipamentos eletr\u00f4nicos.<\/p>\n<p>J\u00e1 nesta madrugada (13), dois rapazes de 18 e 19 anos, com passagens pela pol\u00edcia, foram presos no Bairro Industrial. Eles estavam de moto quando foram abordados. Com os criminosos foram apreendidas oito buchas de maconha e dois papelotes de coca\u00edna.<\/p>\n<p>Todos os detidos e os materiais apreendidos forma levados para a delegacia da cidade.<\/p>\n<p><img decoding=\"async\" src=\"http:\/\/aconteceunovale.com.br\/portal\/wp-content\/uploads\/2014\/02\/presos_em_itaobim_trafico.jpg\" alt=\"\" \/><\/p>\n","protected":false},"excerpt":{"rendered":"<p>A Pol\u00edcia Militar apreendeu tr\u00eas menores e prendeu tr\u00eas homens e uma mulher suspeitos de tr\u00e1fico de drogas em Montes Claros (MG). Nesta quarta-feira (12), no Vila Sion II, a PM apreendeu os adolescentes, de 14, 16 e 17 anos, na Avenida Central. Dois deles foram vistos saindo de um matagal com uma sacola, contendo [&hellip;]<\/p>\n","protected":false},"author":1,"featured_media":21031,"comment_status":"open","ping_status":"closed","sticky":false,"template":"","format":"standard","meta":{"amp_status":"","footnotes":""},"categories":[1236],"tags":[210,4221],"class_list":["post-21126","post","type-post","status-publish","format-standard","has-post-thumbnail","hentry","category-norte_de_minas","tag-montes-claros","tag-sete-sao-detidos-suspeitos-de-trafico-de-drogas-em-montes-claros"],"_links":{"self":[{"href":"https:\/\/aconteceunovale.com.br\/portal\/index.php?rest_route=\/wp\/v2\/posts\/21126","targetHints":{"allow":["GET"]}}],"collection":[{"href":"https:\/\/aconteceunovale.com.br\/portal\/index.php?rest_route=\/wp\/v2\/posts"}],"about":[{"href":"https:\/\/aconteceunovale.com.br\/portal\/index.php?rest_route=\/wp\/v2\/types\/post"}],"author":[{"embeddable":true,"href":"https:\/\/aconteceunovale.com.br\/portal\/index.php?rest_route=\/wp\/v2\/users\/1"}],"replies":[{"embeddable":true,"href":"https:\/\/aconteceunovale.com.br\/portal\/index.php?rest_route=%2Fwp%2Fv2%2Fcomments&post=21126"}],"version-history":[{"count":0,"href":"https:\/\/aconteceunovale.com.br\/portal\/index.php?rest_route=\/wp\/v2\/posts\/21126\/revisions"}],"wp:featuredmedia":[{"embeddable":true,"href":"https:\/\/aconteceunovale.com.br\/portal\/index.php?rest_route=\/wp\/v2\/media\/21031"}],"wp:attachment":[{"href":"https:\/\/aconteceunovale.com.br\/portal\/index.php?rest_route=%2Fwp%2Fv2%2Fmedia&parent=21126"}],"wp:term":[{"taxonomy":"category","embeddable":true,"href":"https:\/\/aconteceunovale.com.br\/portal\/index.php?rest_route=%2Fwp%2Fv2%2Fcategories&post=21126"},{"taxonomy":"post_tag","embeddable":true,"href":"https:\/\/aconteceunovale.com.br\/portal\/index.php?rest_route=%2Fwp%2Fv2%2Ftags&post=21126"}],"curies":[{"name":"wp","href":"https:\/\/api.w.org\/{rel}","templated":true}]}}