{"id":21105,"date":"2014-02-12T20:23:36","date_gmt":"2014-02-12T22:23:36","guid":{"rendered":"http:\/\/aconteceunovale.com.br\/portal\/?p=21105"},"modified":"2014-02-12T20:23:36","modified_gmt":"2014-02-12T22:23:36","slug":"continuidade-de-obra-do-governo-federal-paralisada-depende-da-prefeitura-de-aracuai","status":"publish","type":"post","link":"https:\/\/aconteceunovale.com.br\/portal\/?p=21105","title":{"rendered":"Continuidade de obra do Governo Federal paralisada depende da prefeitura de Ara\u00e7ua\u00ed"},"content":{"rendered":"<p>Uma das mais importantes obras do governo federal em Ara\u00e7ua\u00ed, no Vale do Jequitinhonha (MG) &#8211;  a Unidade Escolar de Educa\u00e7\u00e3o Infantil &#8211; o Pro inf\u00e2ncia &#8211; est\u00e1 paralisada,  e o retorno dos trabalhos depende de decis\u00e3o do prefeito municipal,  Armando Paix\u00e3o (PT).<\/p>\n<p><img decoding=\"async\" src=\"http:\/\/aconteceunovale.com.br\/portal\/wp-content\/uploads\/2014\/02\/obra_federal_paralisada_aracuai.jpg\" alt=\"\" \/><br \/>\n<em><strong>O pedreiro Geraldo de Castro Fonseca se diz indignado com a situa\u00e7\u00e3o<\/strong><\/em><\/p>\n<p>A obra, com capacidade para atender cerca de 200 crian\u00e7as, \u00e9 fruto de um conv\u00eanio assinado em 2012 com a prefeitura municipal, na gest\u00e3o do ex-prefeito A\u00e9cio Jardim,  que fez a do\u00e7\u00e3o do terreno, e o Minist\u00e9rio da Educa\u00e7\u00e3o, respons\u00e1vel pela libera\u00e7\u00e3o de R$ 1.292.000,00 (Um milh\u00e3o, duzentos e noventa e dois mil) do Fundo Nacional da Educa\u00e7\u00e3o. <\/p>\n<p>A empresa Topel Engenharia, de Almenara (MG) foi \u00e0 vencedora da licita\u00e7\u00e3o para construir a Unidade Escolar no bairro S\u00e3o Geraldo, ao lado da Escola Estadual Frei Rogato.<\/p>\n<p>A  constru\u00e7\u00e3o come\u00e7ou em maio de 2012 e deveria ser entregue em fevereiro de 2013.  Por\u00e9m, a obra est\u00e1 h\u00e1 quase um ano  paralisada e ainda  faltam mais de 60% dos trabalhos  para sua conclus\u00e3o.<\/p>\n<p>No ano passado a Topel  responsabilizou a prefeitura pela interrup\u00e7\u00e3o dos repasses financeiros, que s\u00e3o  efetuados  de acordo com as medi\u00e7\u00f5es das  etapas de constru\u00e7\u00e3o.<\/p>\n<p>O atraso nos pagamentos, segundo a empresa, provocou um efeito domin\u00f3, como falta de pagamento dos sal\u00e1rios dos 20 oper\u00e1rios,  que revoltados, acabaram abandonando a obra.   <\/p>\n<p>Eles denunciaram que estavam  trabalhando quase que em regime de escravid\u00e3o, sem equipamentos de seguran\u00e7a, sem uniformes, sem lanche, sem condi\u00e7\u00f5es higi\u00eanicas de trabalho e sem receber sal\u00e1rios. <\/p>\n<p>A advogada dos trabalhadores revelou tamb\u00e9m,  que a Topel n\u00e3o estava depositando o Fundo de Garantia, nem o registro dos trabalhadores junto \u00e0 Previd\u00eancia Social e nem recolhendo o INSS. Ela representa o grupo  em uma A\u00e7\u00e3o Trabalhista e de rescis\u00e3o de contrato.<\/p>\n<p>A Topel reconheceu as den\u00fancias e admitiu que est\u00e1 com problemas financeiros. \u201cGastamos na obra mais do que recebemos\u201d, informou Milton J\u00fanior, diretor da empresa. \u201cJ\u00e1 empregamos cerca de R$ 600 mil e s\u00f3 recebemos da prefeitura, R$ 240 mil\u201d,  disse ele.<\/p>\n<p>A engenheira respons\u00e1vel pelas medi\u00e7\u00f5es diz que os problemas trabalhistas apresentados pela Construtora fez a prefeitura suspender os repasses dos recursos.<\/p>\n<p>Na tarde desta quarta-feira (12), Milton J\u00fanior esteve em Ara\u00e7ua\u00ed para fazer acerto com 6 oper\u00e1rios que est\u00e3o h\u00e1 3 meses sem receber.<\/p>\n<p>Ele reafirmou que depende da prefeitura a conclus\u00e3o da obra que hoje est\u00e1 or\u00e7ada em no m\u00ednimo R$1, 8 mil (Um milh\u00e3o e oitocentos mil). \u201cTemos de fazer uma nova planilha de custos e talvez outra licita\u00e7\u00e3o\u201d, avalia Milton J\u00fanior.<\/p>\n<p>Ele negou que a Topel Engenharia est\u00e1 falida. \u201cEstamos em dificuldades, mas estamos trabalhando para acertar tudo\u201d, garantiu o empreiteiro.<\/p>\n<p>Os oper\u00e1rios disseram que a partir desse m\u00eas, eles  estar\u00e3o cumprindo aviso pr\u00e9vio.<\/p>\n<p><strong>S\u00f3 um vigia<\/strong><\/p>\n<p>Apenas um vigia permanece no local. No dep\u00f3sito sacos de cimento est\u00e3o se perdendo.<\/p>\n<p>Em junho passado, menores infratores quebraram os cadeados do barrac\u00e3o para roubar ferramentas. \u201cN\u00e3o levaram nada porque um vizinho viu e deu o alerta\u201d, contou o vigia, Jos\u00e9 Isidoro Luiz Costa, 63 anos.<\/p>\n<p>No p\u00e1tio, h\u00e1 muitas ferragens e milhares de tijolos empilhados. \u201cSe n\u00e3o fosse o vigia, j\u00e1 tinham furtado tudo isso\u201d, disse Geraldo de Castro Fonseca, 45 anos. Ele foi respons\u00e1vel pelo assentamento da laje. \u201cDos R$ 23 mil, s\u00f3 recebi R$ 6 mil. Prometeram fazer o acerto, mas at\u00e9 hoje \u00e9 s\u00f3 enrola\u00e7\u00e3o\u201d, disse ele, indignado.<\/p>\n<p>\u201c\u00c9 preciso uma solu\u00e7\u00e3o para isso aqui. A prefeitura deveria ter mais crit\u00e9rio nas licita\u00e7\u00f5es. Empresas daqui de Ara\u00e7ua\u00ed est\u00e3o em condi\u00e7\u00f5es de terminar esta obra. Sem concluir \u00e9 que n\u00e3o pode ficar\u201d, cobrou  Geraldo de Castro.<\/p>\n<p>As unidades constru\u00eddas no \u00e2mbito do Pro inf\u00e2ncia s\u00e3o dotadas de ambientes essenciais para a aprendizagem das crian\u00e7as, como: salas de aula, sala de inform\u00e1tica, biblioteca, sanit\u00e1rios, recreio coberto, parque, refeit\u00f3rio, entre outros ambientes, que permitem a realiza\u00e7\u00e3o de atividades pedag\u00f3gicas, recreativas, esportivas e de alimenta\u00e7\u00e3o.<\/p>\n<p>H\u00e1 uma semana a reportagem enviou v\u00e1rias solicita\u00e7\u00f5es por e-mail,  para que a prefeitura de Ara\u00e7ua\u00ed se manifestasse sobre o caso mas,  n\u00e3o obteve resposta. <\/p>\n<p><em><strong>(Fonte: Gazeta de Ara\u00e7ua\u00ed)<\/strong><\/em><\/p>\n","protected":false},"excerpt":{"rendered":"<p>Uma das mais importantes obras do governo federal em Ara\u00e7ua\u00ed, no Vale do Jequitinhonha (MG) &#8211; a Unidade Escolar de Educa\u00e7\u00e3o Infantil &#8211; o Pro inf\u00e2ncia &#8211; est\u00e1 paralisada, e o retorno dos trabalhos depende de decis\u00e3o do prefeito municipal, Armando Paix\u00e3o (PT). O pedreiro Geraldo de Castro Fonseca se diz indignado com a situa\u00e7\u00e3o [&hellip;]<\/p>\n","protected":false},"author":1,"featured_media":21106,"comment_status":"open","ping_status":"closed","sticky":false,"template":"","format":"standard","meta":{"amp_status":"","footnotes":""},"categories":[120],"tags":[186,4207],"class_list":["post-21105","post","type-post","status-publish","format-standard","has-post-thumbnail","hentry","category-jequi","tag-aracuai","tag-continuidade-de-obra-do-governo-federal-paralisada-depende-da-prefeitura-de-aracuai"],"_links":{"self":[{"href":"https:\/\/aconteceunovale.com.br\/portal\/index.php?rest_route=\/wp\/v2\/posts\/21105","targetHints":{"allow":["GET"]}}],"collection":[{"href":"https:\/\/aconteceunovale.com.br\/portal\/index.php?rest_route=\/wp\/v2\/posts"}],"about":[{"href":"https:\/\/aconteceunovale.com.br\/portal\/index.php?rest_route=\/wp\/v2\/types\/post"}],"author":[{"embeddable":true,"href":"https:\/\/aconteceunovale.com.br\/portal\/index.php?rest_route=\/wp\/v2\/users\/1"}],"replies":[{"embeddable":true,"href":"https:\/\/aconteceunovale.com.br\/portal\/index.php?rest_route=%2Fwp%2Fv2%2Fcomments&post=21105"}],"version-history":[{"count":0,"href":"https:\/\/aconteceunovale.com.br\/portal\/index.php?rest_route=\/wp\/v2\/posts\/21105\/revisions"}],"wp:featuredmedia":[{"embeddable":true,"href":"https:\/\/aconteceunovale.com.br\/portal\/index.php?rest_route=\/wp\/v2\/media\/21106"}],"wp:attachment":[{"href":"https:\/\/aconteceunovale.com.br\/portal\/index.php?rest_route=%2Fwp%2Fv2%2Fmedia&parent=21105"}],"wp:term":[{"taxonomy":"category","embeddable":true,"href":"https:\/\/aconteceunovale.com.br\/portal\/index.php?rest_route=%2Fwp%2Fv2%2Fcategories&post=21105"},{"taxonomy":"post_tag","embeddable":true,"href":"https:\/\/aconteceunovale.com.br\/portal\/index.php?rest_route=%2Fwp%2Fv2%2Ftags&post=21105"}],"curies":[{"name":"wp","href":"https:\/\/api.w.org\/{rel}","templated":true}]}}